{"id":2030,"date":"2019-07-22T14:54:21","date_gmt":"2019-07-22T14:54:21","guid":{"rendered":"http:\/\/listagil.is\/?p=2030"},"modified":"2019-07-22T14:54:21","modified_gmt":"2019-07-22T14:54:21","slug":"ja-jazzkvartett-tonleikar","status":"publish","type":"post","link":"https:\/\/listagil.is\/?p=2030","title":{"rendered":"J\u00c1 Jazzkvartett &#8211; T\u00f3nleikar"},"content":{"rendered":"<h1><\/h1>\n<p>Kvartettinn J\u00c1 sem leiddur er af g\u00edtarleikaranum og t\u00f3nsk\u00e1ldinu J\u00f3ni \u00d3mari \u00c1rnasyni leikur n\u00fdja \u00edslenska jazzt\u00f3nlist \u00ed Deiglunni \u00feri\u00f0judaginn 23. j\u00fal\u00ed kl. 20:30.<\/p>\n<p>J\u00f3n \u00d3mar f\u00e6ddist og \u00f3lst upp \u00e1 Akureyri en hefur gert \u00fat \u00e1 jazzsenunni \u00ed Reykjav\u00edk undanfarin \u00e1r. \u00c1 efnisskr\u00e1nni ver\u00f0a n\u00fdjar og n\u00fdlegar t\u00f3nsm\u00ed\u00f0ar eftir J\u00f3n \u00d3mar \u00e1samt einu e\u00f0a tveimur vel v\u00f6ldum n\u00famerum eftir \u00f6nnur t\u00f3nsk\u00e1ld. A\u00f0rir me\u00f0limir kvartettsins eru \u00feeir Bj\u00f6rgvin Ragnar Hj\u00e1lmarsson \u00e1 sax\u00f3f\u00f3n, Magn\u00fas Trygvason Eliassen \u00e1 trommur og Sigmar \u00de\u00f3r Matth\u00edasson \u00e1 kontrabassa.<\/p>\n<p>*A\u00f0gangseyrir: 3.000 kr.<\/p>\n<p>*T\u00f3nleikarnir hlutu styrk fr\u00e1 Listasumri og Menningarsj\u00f3\u00f0i Akureyrar.<\/p>\n<p>Samstarfsa\u00f0ilar Listasumars eru:<br \/>\nAkureyrarb\u00e6r, Listasafni\u00f0 \u00e1 Akureyri, Minjasafni\u00f0 \u00e1 Akureyri, R\u00f3senborg, Gilf\u00e9lagi\u00f0, Sundlaug Akureyrar, \u00d6ldrunarheimili\u00f0 Hl\u00ed\u00f0, I\u00f0na\u00f0arsafni\u00f0, Amtsb\u00f3kasafni\u00f0 \u00e1 Akureyri, B\u00edlakl\u00fabbur Akureyrar, Geimstofan, Myndlistarf\u00e9lagi\u00f0<\/p>\n","protected":false},"excerpt":{"rendered":"<p>Kvartettinn J\u00c1 sem leiddur er af g\u00edtarleikaranum og t\u00f3nsk\u00e1ldinu J\u00f3ni \u00d3mari \u00c1rnasyni leikur n\u00fdja \u00edslenska jazzt\u00f3nlist \u00ed Deiglunni \u00feri\u00f0judaginn 23. j\u00fal\u00ed kl. 20:30. J\u00f3n \u00d3mar f\u00e6ddist og \u00f3lst upp \u00e1 Akureyri en hefur gert \u00fat \u00e1 jazzsenunni \u00ed&#46;&#46;&#46;<\/p>\n","protected":false},"author":3,"featured_media":2031,"comment_status":"closed","ping_status":"closed","sticky":false,"template":"","format":"standard","meta":{"_exactmetrics_skip_tracking":false,"_exactmetrics_sitenote_active":false,"_exactmetrics_sitenote_note":"","_exactmetrics_sitenote_category":0,"footnotes":""},"categories":[4],"tags":[],"class_list":["post-2030","post","type-post","status-publish","format-standard","has-post-thumbnail","hentry","category-frettir"],"_links":{"self":[{"href":"https:\/\/listagil.is\/index.php?rest_route=\/wp\/v2\/posts\/2030","targetHints":{"allow":["GET"]}}],"collection":[{"href":"https:\/\/listagil.is\/index.php?rest_route=\/wp\/v2\/posts"}],"about":[{"href":"https:\/\/listagil.is\/index.php?rest_route=\/wp\/v2\/types\/post"}],"author":[{"embeddable":true,"href":"https:\/\/listagil.is\/index.php?rest_route=\/wp\/v2\/users\/3"}],"replies":[{"embeddable":true,"href":"https:\/\/listagil.is\/index.php?rest_route=%2Fwp%2Fv2%2Fcomments&post=2030"}],"version-history":[{"count":1,"href":"https:\/\/listagil.is\/index.php?rest_route=\/wp\/v2\/posts\/2030\/revisions"}],"predecessor-version":[{"id":2032,"href":"https:\/\/listagil.is\/index.php?rest_route=\/wp\/v2\/posts\/2030\/revisions\/2032"}],"wp:featuredmedia":[{"embeddable":true,"href":"https:\/\/listagil.is\/index.php?rest_route=\/wp\/v2\/media\/2031"}],"wp:attachment":[{"href":"https:\/\/listagil.is\/index.php?rest_route=%2Fwp%2Fv2%2Fmedia&parent=2030"}],"wp:term":[{"taxonomy":"category","embeddable":true,"href":"https:\/\/listagil.is\/index.php?rest_route=%2Fwp%2Fv2%2Fcategories&post=2030"},{"taxonomy":"post_tag","embeddable":true,"href":"https:\/\/listagil.is\/index.php?rest_route=%2Fwp%2Fv2%2Ftags&post=2030"}],"curies":[{"name":"wp","href":"https:\/\/api.w.org\/{rel}","templated":true}]}}