{"id":2019,"date":"2019-07-22T14:44:09","date_gmt":"2019-07-22T14:44:09","guid":{"rendered":"http:\/\/listagil.is\/?p=2019"},"modified":"2019-07-22T14:48:45","modified_gmt":"2019-07-22T14:48:45","slug":"2019","status":"publish","type":"post","link":"https:\/\/listagil.is\/?p=2019","title":{"rendered":"Nomadic Stillness"},"content":{"rendered":"<p><img loading=\"lazy\" decoding=\"async\" class=\"aligncenter size-large wp-image-2020\" src=\"http:\/\/listagil.is\/wp-content\/uploads\/2019\/07\/TohkoSendaPoster-724x1024.jpg\" alt=\"\" width=\"724\" height=\"1024\" srcset=\"https:\/\/listagil.is\/wp-content\/uploads\/2019\/07\/TohkoSendaPoster-724x1024.jpg 724w, https:\/\/listagil.is\/wp-content\/uploads\/2019\/07\/TohkoSendaPoster-566x800.jpg 566w, https:\/\/listagil.is\/wp-content\/uploads\/2019\/07\/TohkoSendaPoster-768x1086.jpg 768w\" sizes=\"auto, (max-width: 724px) 100vw, 724px\" \/><\/p>\n<p>Veri\u00f0 velkomin \u00e1 opnun &#8220;Nomadic Stillness&#8221; laugardaginn 27. j\u00fal\u00ed kl. 14 &#8211; 17 \u00ed Deiglunni, Akureyri. Gestalistama\u00f0ur Gilf\u00e9lagsins \u00ed j\u00fal\u00ed h\u00fan Tohko Senda s\u00fdnir afrakstur dvalar sinnar, innsetningu \u00ed vinnslu. L\u00e9ttar veitingar og listama\u00f0urinn ver\u00f0ur \u00e1 sta\u00f0num. S\u00fdningin er einnig opin \u00e1 sunnudag kl. 14 &#8211; 17, a\u00f0eins \u00feessa einu helgi.<\/p>\n<p>&#8220;Flakkandi kyrr\u00f0&#8221; er sta\u00f0ur einhvers sta\u00f0ar \u00e1 milli, leitin a\u00f0 stundarr\u00f3 sem hv\u00edlist milli st\u00f6\u00f0ugra breytinga og hreyfingu. Er til og er h\u00e6gt a\u00f0 komast a\u00f0 sameiginlegum sta\u00f0, athvarfi og yfirs\u00fdn?&#8221; \u00cd gestavinnustofu Gilf\u00e9lagsins hyggst Tohko kanna \u00feetta \u00feema \u00ed formi landa\/hugarkorts \u00ed samsetningu af mynd- og hlj\u00f3\u00f0uppt\u00f6ku og safna leifum af n\u00e1tt\u00faru og menningarumhverfi. Verkin munu fela \u00ed s\u00e9r \u00feetta fl\u00f6kkueinkenni, vera ni\u00f0urbrj\u00f3tanleg, samanbrj\u00f3tanleg, f\u00e6ranleg til annars minnis, \u00ed st\u00f6\u00f0ugri \u00fer\u00f3un og taka \u00e1 sig n\u00fd form, st\u00e6kka en missa ekki kjarnann.<\/p>\n<p>Tohko Senda er myndlistarma\u00f0ur, f\u00e6dd \u00ed Toronto, Canada. \u00dear sem h\u00fan hefur b\u00fai\u00f0 \u00ed Kanada, Japan, Bandar\u00edkjunum og n\u00fa \u00e1 \u00cdtal\u00edu fjalla verk Tohko um augnabliki\u00f0, l\u00edft\u00edmann, f\u00f3lksflutninga, sameiginlegt minni og saml\u00edfi. Tohko n\u00fdtir s\u00e9r \u00fdmsa mi\u00f0la og t\u00e6kni allt fr\u00e1 handger\u00f0ri ol\u00edum\u00e1lningu til sumi bleks, gesso, vatnsliti, pappr\u00ed, gr\u00f3\u00f0ur, v\u00edr og silkim\u00e1lun. H\u00fan vinnur mest me\u00f0 m\u00e1lverki\u00f0 en hvort sem \u00fea\u00f0 er sk\u00falpt\u00far, b\u00faningar, m\u00e1lverk e\u00f0a teikning \u00fe\u00e1 eiga flest verkanna heima \u00ed innsetningu sem g\u00e6ti kallast flakkandi kyrr\u00f0.<\/p>\n<p><img loading=\"lazy\" decoding=\"async\" class=\"aligncenter size-large wp-image-2021\" src=\"http:\/\/listagil.is\/wp-content\/uploads\/2019\/07\/unnamed-2-1024x681.jpg\" alt=\"\" width=\"1024\" height=\"681\" srcset=\"https:\/\/listagil.is\/wp-content\/uploads\/2019\/07\/unnamed-2-1024x681.jpg 1024w, https:\/\/listagil.is\/wp-content\/uploads\/2019\/07\/unnamed-2-800x532.jpg 800w, https:\/\/listagil.is\/wp-content\/uploads\/2019\/07\/unnamed-2-768x511.jpg 768w\" sizes=\"auto, (max-width: 1024px) 100vw, 1024px\" \/><\/p>\n<p>Please join us for the opening of artist in residence Tohko Senda exhibition &#8216;Nomadic Stillness&#8217; on Saturday July 27th at 14 &#8211; 17 in Deiglan, Akureyri. Light refreshments and the artist will be present. Also open on Sunday, July 28th hr. 14 &#8211; 17<\/p>\n<p>Tohko Senda is a visual artist, born in Toronto, Canada. Having lived between Canada, Japan, the United States, and currently in Italy, Senda\u2019s work reflect on themes as ephemerality, life cycle, migration, collective memory and coexistence. Her practice is a hybrid of various mediums and technique of her inherited and acquired backgrounds that have ranged from hand-made oil paint on canvas to sumi ink, silk, gesso, watercolor, paper, vegetation, wire and yuzen. Although primarily a painter, whether with sculpture, costume, painting or drawing, the works are often intended as installations in a state of \u2018nomadic stillness.\u2019<\/p>\n<p>\u201cNomadic Stillness is a place somewhere in between; it is a search for a moment of calm order that rests within continuous change and movement. Is there and is there a means to call upon a collective memory of a place of refuge and prospect?\u201d .&#8221; Here at Gil Artist Residency, Tohko intends to explore this theme in the form of land\/mindscape in a composition of visual and audio recordings and collection of traces and remnants of the natural and cultural environment. The work will imbue a nomadic quality \u2013decomposable, dismountable, transportable to yet another situ\u2014that like memory, may continuously evolve and embody yet other encountered elements, expanding while remaining ever familiar.<\/p>\n<p><img loading=\"lazy\" decoding=\"async\" class=\"aligncenter size-large wp-image-1980\" src=\"http:\/\/listagil.is\/wp-content\/uploads\/2019\/07\/TohkoSendaPortrait-1024x641.jpg\" alt=\"\" width=\"1024\" height=\"641\" srcset=\"https:\/\/listagil.is\/wp-content\/uploads\/2019\/07\/TohkoSendaPortrait-1024x641.jpg 1024w, https:\/\/listagil.is\/wp-content\/uploads\/2019\/07\/TohkoSendaPortrait-800x501.jpg 800w, https:\/\/listagil.is\/wp-content\/uploads\/2019\/07\/TohkoSendaPortrait-768x481.jpg 768w, https:\/\/listagil.is\/wp-content\/uploads\/2019\/07\/TohkoSendaPortrait.jpg 1969w\" sizes=\"auto, (max-width: 1024px) 100vw, 1024px\" \/><\/p>\n","protected":false},"excerpt":{"rendered":"<p>Veri\u00f0 velkomin \u00e1 opnun &#8220;Nomadic Stillness&#8221; laugardaginn 27. j\u00fal\u00ed kl. 14 &#8211; 17 \u00ed Deiglunni, Akureyri. Gestalistama\u00f0ur Gilf\u00e9lagsins \u00ed j\u00fal\u00ed h\u00fan Tohko Senda s\u00fdnir afrakstur dvalar sinnar, innsetningu \u00ed vinnslu. L\u00e9ttar veitingar og listama\u00f0urinn ver\u00f0ur \u00e1 sta\u00f0num. S\u00fdningin&#46;&#46;&#46;<\/p>\n","protected":false},"author":3,"featured_media":2022,"comment_status":"closed","ping_status":"closed","sticky":false,"template":"","format":"standard","meta":{"_exactmetrics_skip_tracking":false,"_exactmetrics_sitenote_active":false,"_exactmetrics_sitenote_note":"","_exactmetrics_sitenote_category":0,"footnotes":""},"categories":[4],"tags":[],"class_list":["post-2019","post","type-post","status-publish","format-standard","has-post-thumbnail","hentry","category-frettir"],"_links":{"self":[{"href":"https:\/\/listagil.is\/index.php?rest_route=\/wp\/v2\/posts\/2019","targetHints":{"allow":["GET"]}}],"collection":[{"href":"https:\/\/listagil.is\/index.php?rest_route=\/wp\/v2\/posts"}],"about":[{"href":"https:\/\/listagil.is\/index.php?rest_route=\/wp\/v2\/types\/post"}],"author":[{"embeddable":true,"href":"https:\/\/listagil.is\/index.php?rest_route=\/wp\/v2\/users\/3"}],"replies":[{"embeddable":true,"href":"https:\/\/listagil.is\/index.php?rest_route=%2Fwp%2Fv2%2Fcomments&post=2019"}],"version-history":[{"count":3,"href":"https:\/\/listagil.is\/index.php?rest_route=\/wp\/v2\/posts\/2019\/revisions"}],"predecessor-version":[{"id":2027,"href":"https:\/\/listagil.is\/index.php?rest_route=\/wp\/v2\/posts\/2019\/revisions\/2027"}],"wp:featuredmedia":[{"embeddable":true,"href":"https:\/\/listagil.is\/index.php?rest_route=\/wp\/v2\/media\/2022"}],"wp:attachment":[{"href":"https:\/\/listagil.is\/index.php?rest_route=%2Fwp%2Fv2%2Fmedia&parent=2019"}],"wp:term":[{"taxonomy":"category","embeddable":true,"href":"https:\/\/listagil.is\/index.php?rest_route=%2Fwp%2Fv2%2Fcategories&post=2019"},{"taxonomy":"post_tag","embeddable":true,"href":"https:\/\/listagil.is\/index.php?rest_route=%2Fwp%2Fv2%2Ftags&post=2019"}],"curies":[{"name":"wp","href":"https:\/\/api.w.org\/{rel}","templated":true}]}}