{"id":1995,"date":"2019-07-05T12:51:27","date_gmt":"2019-07-05T12:51:27","guid":{"rendered":"http:\/\/listagil.is\/?p=1995"},"modified":"2019-07-05T12:51:27","modified_gmt":"2019-07-05T12:51:27","slug":"tiskusvapp","status":"publish","type":"post","link":"https:\/\/listagil.is\/?p=1995","title":{"rendered":"T\u00edskusvapp"},"content":{"rendered":"<p>Hver \u00cdslendingur hendir a\u00f0 me\u00f0altali 15 kg af text\u00edl \u00e1 \u00e1ri og voru um 3.000 tonn af text\u00edl send fr\u00e1 \u00cdslandi \u00ed endurvinnslu \u00e1ri\u00f0 2018. Til a\u00f0 leggja okkar af marki vi\u00f0 a\u00f0 draga \u00far sl\u00edkri s\u00f3un ver\u00f0ur haldi\u00f0 T\u00edskusvapp hj\u00e1 Gilf\u00e9laginu \u00ed Deiglunni laugardaginn 13. j\u00fal\u00ed.<\/p>\n<p>Taktu me\u00f0 \u00fe\u00e9r vanda\u00f0ar fl\u00edkur sem \u00fe\u00fa \u00fearft a\u00f0 losna vi\u00f0 og vilt sj\u00e1 \u00f6\u00f0last n\u00fdtt l\u00edf. \u00de\u00fa getur s\u00ed\u00f0an vali\u00f0 \u00fe\u00e9r n\u00fdja fl\u00edk og \u00feannig fengi\u00f0 tilbreytingu \u00ed fatask\u00e1pinn \u00e1 umhverfisv\u00e6nni m\u00e1ta. Minnst m\u00e1 m\u00e6ta me\u00f0 tv\u00e6r fl\u00edkur og mest me\u00f0 tuttugu. Allar fl\u00edkur \u00feurfa a\u00f0 vera heillegar og vel me\u00f0 farnar, \u00fe.e. ekki gamlir \u00ed\u00fer\u00f3ttatoppar e\u00f0a rifnir hl\u00fdrabolir. Ef \u00fe\u00fa ert me\u00f0 fl\u00edkur sem \u00fe\u00fa vilt losna vi\u00f0 en vilt gjarnan reyna a\u00f0 selja ver\u00f0ur horn til sta\u00f0ar fyrir ver\u00f0lag\u00f0ar fl\u00edkur. Pl\u00f6tusn\u00fa\u00f0urin V\u00e9larnar mun s\u00ed\u00f0an sj\u00e1 um a\u00f0 halda uppi r\u00edfandi stemmingu \u00e1 me\u00f0an skiptin eiga s\u00e9r sta\u00f0.<\/p>\n<p>*Ekkert \u00fe\u00e1ttt\u00f6kugjald en skr\u00e1ning nau\u00f0synleg. ATHUGI\u00d0: Einungis \u00feeir sem skr\u00e1 sig \u00e1 vi\u00f0bur\u00f0inn geta teki\u00f0 \u00fe\u00e1tt \u00ed skiptunum.<\/p>\n<p>*Skr\u00e1ning \u00e1 vi\u00f0bur\u00f0inn h\u00e9r: <a href=\"https:\/\/docs.google.com\/forms\/d\/1mUbs6guRGugssDT7b28Lkx2svZK47Yj0SO5DiUSgjMg\/edit?fbclid=IwAR0acmnfRjAaYV1c1WIQP1ml7RwGYXKQpwyl1-KtT8pr7yZhC-TAKOhhSyM\" target=\"_blank\" rel=\"nofollow noopener\" data-lynx-mode=\"hover\" data-lynx-uri=\"https:\/\/l.facebook.com\/l.php?u=https%3A%2F%2Fdocs.google.com%2Fforms%2Fd%2F1mUbs6guRGugssDT7b28Lkx2svZK47Yj0SO5DiUSgjMg%2Fedit%3Ffbclid%3DIwAR0acmnfRjAaYV1c1WIQP1ml7RwGYXKQpwyl1-KtT8pr7yZhC-TAKOhhSyM&amp;h=AT1FL_MUi4mIO49tU2Y2pzL9JxQPRVH2AqMr93SYuSymN24MyqCRdI6DarUZMvfdqjF3UUvUG7I2pCN7_mDRwZbwhPgOhCwgWrWF8cs9xqF2wMas8OtNgvdKsTc4Pur2HA\">https:\/\/docs.google.com\/forms\/d\/1mUbs6guRGugssDT7b28Lkx2svZK47Yj0SO5DiUSgjMg\/edit?fbclid=IwAR2pp0fRIsbg4gFTfJP2ZU2pXN8xkMlhv3oPjE1RN-ANfMupXk94dTl8mNw<\/a><\/p>\n<p>*M\u00e6ting me\u00f0 fl\u00edkurnar \u00ed Deigluna kl 16:00 og skiptin byrja s\u00ed\u00f0an kl 18:00. H\u00e6gt er a\u00f0 f\u00e1 s\u00e9r s\u00e6ti \u00e1 \u00feau fj\u00f6lm\u00f6rgu kaffih\u00fas e\u00f0a veitingasta\u00f0i sem eru \u00ed mi\u00f0b\u00e6num \u00e1 me\u00f0an starfsf\u00f3lk fataskiptamarka\u00f0sins s\u00e9r um a\u00f0 koma f\u00f6tunum upp. Minnum \u00e1 a\u00f0 taka fj\u00f6lnota pokann me\u00f0!<\/p>\n<p>*Sunnudaginn 14. j\u00fal\u00ed milli kl 12:00 &#8211; 16:00 er \u00f6llum velkomi\u00f0 a\u00f0 koma \u00e1 pop up marka\u00f0 me\u00f0 \u00feeim f\u00f6tum sem eftir ver\u00f0a og finna n\u00fdjar gersemar til a\u00f0 l\u00edfga upp \u00e1 fatask\u00e1pinn.<\/p>\n<p>*Vi\u00f0bur\u00f0urinn er partur af viku \u00e1 Listasumri sem tileinku\u00f0 er vitundarvakningu \u00e1 einnota t\u00edsku og text\u00edli\u00f0na\u00f0inum.<\/p>\n<p>*Vi\u00f0bur\u00f0urinn hlaut styrk fr\u00e1 Listasumri.<\/p>\n<p>Samstarfsa\u00f0ilar Listasumars eru:<br \/>\nAkureyrarb\u00e6r, Listasafni\u00f0 \u00e1 Akureyri, Minjasafni\u00f0 \u00e1 Akureyri, R\u00f3senborg, Gilf\u00e9lagi\u00f0, Sundlaug Akureyrar, \u00d6ldrunarheimili\u00f0 Hl\u00ed\u00f0, I\u00f0na\u00f0arsafni\u00f0, Amtsb\u00f3kasafni\u00f0 \u00e1 Akureyri, B\u00edlakl\u00fabbur Akureyrar, Geimstofan, Myndlistarf\u00e9lagi\u00f0<\/p>\n","protected":false},"excerpt":{"rendered":"<p>Hver \u00cdslendingur hendir a\u00f0 me\u00f0altali 15 kg af text\u00edl \u00e1 \u00e1ri og voru um 3.000 tonn af text\u00edl send fr\u00e1 \u00cdslandi \u00ed endurvinnslu \u00e1ri\u00f0 2018. Til a\u00f0 leggja okkar af marki vi\u00f0 a\u00f0 draga \u00far sl\u00edkri s\u00f3un ver\u00f0ur&#46;&#46;&#46;<\/p>\n","protected":false},"author":3,"featured_media":1993,"comment_status":"closed","ping_status":"closed","sticky":false,"template":"","format":"standard","meta":{"_exactmetrics_skip_tracking":false,"_exactmetrics_sitenote_active":false,"_exactmetrics_sitenote_note":"","_exactmetrics_sitenote_category":0,"footnotes":""},"categories":[4],"tags":[],"class_list":["post-1995","post","type-post","status-publish","format-standard","has-post-thumbnail","hentry","category-frettir"],"_links":{"self":[{"href":"https:\/\/listagil.is\/index.php?rest_route=\/wp\/v2\/posts\/1995","targetHints":{"allow":["GET"]}}],"collection":[{"href":"https:\/\/listagil.is\/index.php?rest_route=\/wp\/v2\/posts"}],"about":[{"href":"https:\/\/listagil.is\/index.php?rest_route=\/wp\/v2\/types\/post"}],"author":[{"embeddable":true,"href":"https:\/\/listagil.is\/index.php?rest_route=\/wp\/v2\/users\/3"}],"replies":[{"embeddable":true,"href":"https:\/\/listagil.is\/index.php?rest_route=%2Fwp%2Fv2%2Fcomments&post=1995"}],"version-history":[{"count":1,"href":"https:\/\/listagil.is\/index.php?rest_route=\/wp\/v2\/posts\/1995\/revisions"}],"predecessor-version":[{"id":1996,"href":"https:\/\/listagil.is\/index.php?rest_route=\/wp\/v2\/posts\/1995\/revisions\/1996"}],"wp:featuredmedia":[{"embeddable":true,"href":"https:\/\/listagil.is\/index.php?rest_route=\/wp\/v2\/media\/1993"}],"wp:attachment":[{"href":"https:\/\/listagil.is\/index.php?rest_route=%2Fwp%2Fv2%2Fmedia&parent=1995"}],"wp:term":[{"taxonomy":"category","embeddable":true,"href":"https:\/\/listagil.is\/index.php?rest_route=%2Fwp%2Fv2%2Fcategories&post=1995"},{"taxonomy":"post_tag","embeddable":true,"href":"https:\/\/listagil.is\/index.php?rest_route=%2Fwp%2Fv2%2Ftags&post=1995"}],"curies":[{"name":"wp","href":"https:\/\/api.w.org\/{rel}","templated":true}]}}