{"id":1992,"date":"2019-07-05T12:50:39","date_gmt":"2019-07-05T12:50:39","guid":{"rendered":"http:\/\/listagil.is\/?p=1992"},"modified":"2019-07-05T12:50:39","modified_gmt":"2019-07-05T12:50:39","slug":"fatasounarfraedsla","status":"publish","type":"post","link":"https:\/\/listagil.is\/?p=1992","title":{"rendered":"Fatas\u00f3unarfr\u00e6\u00f0sla"},"content":{"rendered":"<p>Hva\u00f0a \u00e1hrif hefur einnota t\u00edska og text\u00edli\u00f0na\u00f0urinn \u00e1 umhverfi\u00f0? &#x1f457;&#x1f454;<br \/>\nHva\u00f0 getum vi\u00f0 gert til a\u00f0 sporna gegn fatas\u00f3un, minnka\u00f0 ur\u00f0un og kaup \u00e1 \u00f3nau\u00f0synlegum fl\u00edkum? &#x1f30e;<\/p>\n<p>Til a\u00f0 hefja viku \u00e1 Listasumri sem tileinku\u00f0 er vitundarvakningu \u00e1 einnota t\u00edsku og text\u00edli\u00f0na\u00f0inum mun fara fram fr\u00e6\u00f0slukv\u00f6ld hj\u00e1 Gilf\u00e9laginu \u00ed Deiglunni \u00feri\u00f0judaginn 9. j\u00fal\u00ed. kl. 20:00<\/p>\n<p>J\u00fal\u00eda Bj\u00f6rnsd\u00f3ttir sem er n\u00fd\u00fatskrifu\u00f0 \u00far listr\u00e6nni stj\u00f3rnun fr\u00e1 h\u00e1sk\u00f3la \u00ed Fl\u00f3rens \u00fear sem h\u00fan ger\u00f0i lokaverkefni sitt um sj\u00e1lf\u00e6ra t\u00edsku, Anna Gu\u00f0n\u00fd og Svava Da\u00f0a fr\u00e1 Litlu saumastofunni og listakonan Jonna munu r\u00e6\u00f0a fatas\u00f3un og svara spurningum sem brenna \u00e1 f\u00f3lki \u00ed l\u00e9ttu spjalli. Brynhildur P\u00e9tursd\u00f3ttir framkv\u00e6mdastj\u00f3ri Neytendasamtakana mun st\u00fdra umr\u00e6\u00f0um.<\/p>\n<p>*Enginn a\u00f0gangseyrir og allir velkomnir!<\/p>\n<p>*Vi\u00f0bur\u00f0urinn er partur af viku \u00e1 Listasumri sem tileinku\u00f0 er vitundarvakningu \u00e1 einnota t\u00edsku og text\u00edli\u00f0na\u00f0inum.<\/p>\n<p>*Vi\u00f0bur\u00f0urinn hlaut styrk fr\u00e1 Listasumri.<\/p>\n<p>Samstarfsa\u00f0ilar Listasumars eru:<br \/>\nAkureyrarb\u00e6r, Listasafni\u00f0 \u00e1 Akureyri, Minjasafni\u00f0 \u00e1 Akureyri, R\u00f3senborg, Gilf\u00e9lagi\u00f0, Sundlaug Akureyrar, \u00d6ldrunarheimili\u00f0 Hl\u00ed\u00f0, I\u00f0na\u00f0arsafni\u00f0, Amtsb\u00f3kasafni\u00f0 \u00e1 Akureyri, B\u00edlakl\u00fabbur Akureyrar, Geimstofan, Myndlistarf\u00e9lagi\u00f0<\/p>\n","protected":false},"excerpt":{"rendered":"<p>Hva\u00f0a \u00e1hrif hefur einnota t\u00edska og text\u00edli\u00f0na\u00f0urinn \u00e1 umhverfi\u00f0? &#x1f457;&#x1f454; Hva\u00f0 getum vi\u00f0 gert til a\u00f0 sporna gegn fatas\u00f3un, minnka\u00f0 ur\u00f0un og kaup \u00e1 \u00f3nau\u00f0synlegum fl\u00edkum? &#x1f30e; Til a\u00f0 hefja viku \u00e1 Listasumri sem tileinku\u00f0 er vitundarvakningu \u00e1&#46;&#46;&#46;<\/p>\n","protected":false},"author":3,"featured_media":1993,"comment_status":"closed","ping_status":"closed","sticky":false,"template":"","format":"standard","meta":{"_exactmetrics_skip_tracking":false,"_exactmetrics_sitenote_active":false,"_exactmetrics_sitenote_note":"","_exactmetrics_sitenote_category":0,"footnotes":""},"categories":[4],"tags":[],"class_list":["post-1992","post","type-post","status-publish","format-standard","has-post-thumbnail","hentry","category-frettir"],"_links":{"self":[{"href":"https:\/\/listagil.is\/index.php?rest_route=\/wp\/v2\/posts\/1992","targetHints":{"allow":["GET"]}}],"collection":[{"href":"https:\/\/listagil.is\/index.php?rest_route=\/wp\/v2\/posts"}],"about":[{"href":"https:\/\/listagil.is\/index.php?rest_route=\/wp\/v2\/types\/post"}],"author":[{"embeddable":true,"href":"https:\/\/listagil.is\/index.php?rest_route=\/wp\/v2\/users\/3"}],"replies":[{"embeddable":true,"href":"https:\/\/listagil.is\/index.php?rest_route=%2Fwp%2Fv2%2Fcomments&post=1992"}],"version-history":[{"count":1,"href":"https:\/\/listagil.is\/index.php?rest_route=\/wp\/v2\/posts\/1992\/revisions"}],"predecessor-version":[{"id":1994,"href":"https:\/\/listagil.is\/index.php?rest_route=\/wp\/v2\/posts\/1992\/revisions\/1994"}],"wp:featuredmedia":[{"embeddable":true,"href":"https:\/\/listagil.is\/index.php?rest_route=\/wp\/v2\/media\/1993"}],"wp:attachment":[{"href":"https:\/\/listagil.is\/index.php?rest_route=%2Fwp%2Fv2%2Fmedia&parent=1992"}],"wp:term":[{"taxonomy":"category","embeddable":true,"href":"https:\/\/listagil.is\/index.php?rest_route=%2Fwp%2Fv2%2Fcategories&post=1992"},{"taxonomy":"post_tag","embeddable":true,"href":"https:\/\/listagil.is\/index.php?rest_route=%2Fwp%2Fv2%2Ftags&post=1992"}],"curies":[{"name":"wp","href":"https:\/\/api.w.org\/{rel}","templated":true}]}}