{"id":1967,"date":"2019-07-01T11:58:05","date_gmt":"2019-07-01T11:58:05","guid":{"rendered":"http:\/\/listagil.is\/?p=1967"},"modified":"2019-07-01T11:58:05","modified_gmt":"2019-07-01T11:58:05","slug":"kynningarnamskeid-i-klassiskri-modelteikningu","status":"publish","type":"post","link":"https:\/\/listagil.is\/?p=1967","title":{"rendered":"Kynningarn\u00e1mskei\u00f0 \u00ed klass\u00edskri m\u00f3delteikningu"},"content":{"rendered":"<p><img loading=\"lazy\" decoding=\"async\" class=\"aligncenter size-medium wp-image-1968\" src=\"http:\/\/listagil.is\/wp-content\/uploads\/2019\/07\/crouqi1-800x566.jpg\" alt=\"\" width=\"800\" height=\"566\" srcset=\"https:\/\/listagil.is\/wp-content\/uploads\/2019\/07\/crouqi1-800x566.jpg 800w, https:\/\/listagil.is\/wp-content\/uploads\/2019\/07\/crouqi1-768x543.jpg 768w, https:\/\/listagil.is\/wp-content\/uploads\/2019\/07\/crouqi1-1024x724.jpg 1024w\" sizes=\"auto, (max-width: 800px) 100vw, 800px\" \/><\/p>\n<p>Astrid Stef\u00e1nsd\u00f3ttir ver\u00f0ur me\u00f0 tveggja daga kynningarn\u00e1mskei\u00f0 \u00ed klass\u00edskri m\u00f3delteikningu (croquis) hj\u00e1 Gilf\u00e9laginu \u00ed Deiglunni milli kl. 16 og 19. helgina 6.-7. j\u00fal\u00ed. \u00c1 n\u00e1mskei\u00f0inu ver\u00f0a \u00fe\u00e1tttakendur kynntir fyrir croquis og \u00fev\u00ed sem \u00fearf a\u00f0 hafa \u00ed huga \u00feegar manneskja er teiknu\u00f0 upp \u00e1 takm\u00f6rku\u00f0um t\u00edma. Astrid l\u00e6r\u00f0i klass\u00edska r\u00fassneska teikningu \u00ed tv\u00f6 \u00e1r \u00ed The Drawing Academy \u00ed Vilborg.<\/p>\n<p>*\u00de\u00e1ttt\u00f6kugjald er 4.500 kr. Innifali\u00f0: \u00e1h\u00f6ld og papp\u00edr. Takmarka\u00f0ur s\u00e6tafj\u00f6ldi.<\/p>\n<p>*Skr\u00e1ning \u00ed netfanginu: flotturfroskur@gmail.com e\u00f0a \u00ed s\u00edma: 848-8041.<\/p>\n<p>*Listasmi\u00f0jan hlaut styrk fr\u00e1 Listasumri.<\/p>\n<p>Samstarfsa\u00f0ilar Listasumars eru:<br \/>\nAkureyrarb\u00e6r, Listasafni\u00f0 \u00e1 Akureyri, Minjasafni\u00f0 \u00e1 Akureyri, R\u00f3senborg, Gilf\u00e9lagi\u00f0, Sundlaug Akureyrar, \u00d6ldrunarheimili\u00f0 Hl\u00ed\u00f0, I\u00f0na\u00f0arsafni\u00f0, Amtsb\u00f3kasafni\u00f0 \u00e1 Akureyri, B\u00edlakl\u00fabbur Akureyrar, Geimstofan<\/p>\n","protected":false},"excerpt":{"rendered":"<p>Astrid Stef\u00e1nsd\u00f3ttir ver\u00f0ur me\u00f0 tveggja daga kynningarn\u00e1mskei\u00f0 \u00ed klass\u00edskri m\u00f3delteikningu (croquis) hj\u00e1 Gilf\u00e9laginu \u00ed Deiglunni milli kl. 16 og 19. helgina 6.-7. j\u00fal\u00ed. \u00c1 n\u00e1mskei\u00f0inu ver\u00f0a \u00fe\u00e1tttakendur kynntir fyrir croquis og \u00fev\u00ed sem \u00fearf a\u00f0 hafa \u00ed huga&#46;&#46;&#46;<\/p>\n","protected":false},"author":3,"featured_media":1968,"comment_status":"closed","ping_status":"closed","sticky":false,"template":"","format":"standard","meta":{"_exactmetrics_skip_tracking":false,"_exactmetrics_sitenote_active":false,"_exactmetrics_sitenote_note":"","_exactmetrics_sitenote_category":0,"footnotes":""},"categories":[4],"tags":[],"class_list":["post-1967","post","type-post","status-publish","format-standard","has-post-thumbnail","hentry","category-frettir"],"_links":{"self":[{"href":"https:\/\/listagil.is\/index.php?rest_route=\/wp\/v2\/posts\/1967","targetHints":{"allow":["GET"]}}],"collection":[{"href":"https:\/\/listagil.is\/index.php?rest_route=\/wp\/v2\/posts"}],"about":[{"href":"https:\/\/listagil.is\/index.php?rest_route=\/wp\/v2\/types\/post"}],"author":[{"embeddable":true,"href":"https:\/\/listagil.is\/index.php?rest_route=\/wp\/v2\/users\/3"}],"replies":[{"embeddable":true,"href":"https:\/\/listagil.is\/index.php?rest_route=%2Fwp%2Fv2%2Fcomments&post=1967"}],"version-history":[{"count":1,"href":"https:\/\/listagil.is\/index.php?rest_route=\/wp\/v2\/posts\/1967\/revisions"}],"predecessor-version":[{"id":1969,"href":"https:\/\/listagil.is\/index.php?rest_route=\/wp\/v2\/posts\/1967\/revisions\/1969"}],"wp:featuredmedia":[{"embeddable":true,"href":"https:\/\/listagil.is\/index.php?rest_route=\/wp\/v2\/media\/1968"}],"wp:attachment":[{"href":"https:\/\/listagil.is\/index.php?rest_route=%2Fwp%2Fv2%2Fmedia&parent=1967"}],"wp:term":[{"taxonomy":"category","embeddable":true,"href":"https:\/\/listagil.is\/index.php?rest_route=%2Fwp%2Fv2%2Fcategories&post=1967"},{"taxonomy":"post_tag","embeddable":true,"href":"https:\/\/listagil.is\/index.php?rest_route=%2Fwp%2Fv2%2Ftags&post=1967"}],"curies":[{"name":"wp","href":"https:\/\/api.w.org\/{rel}","templated":true}]}}