{"id":1919,"date":"2019-06-18T20:50:33","date_gmt":"2019-06-18T20:50:33","guid":{"rendered":"http:\/\/listagil.is\/?p=1919"},"modified":"2019-06-18T20:50:33","modified_gmt":"2019-06-18T20:50:33","slug":"matter-of-time","status":"publish","type":"post","link":"https:\/\/listagil.is\/?p=1919","title":{"rendered":"Matter of time"},"content":{"rendered":"<div id=\"attachment_1916\" style=\"width: 579px\" class=\"wp-caption aligncenter\"><img loading=\"lazy\" decoding=\"async\" aria-describedby=\"caption-attachment-1916\" class=\"size-medium wp-image-1916\" src=\"http:\/\/listagil.is\/wp-content\/uploads\/2019\/06\/SarahAndrew_Poster-569x800.jpg\" alt=\"\" width=\"569\" height=\"800\" srcset=\"https:\/\/listagil.is\/wp-content\/uploads\/2019\/06\/SarahAndrew_Poster-569x800.jpg 569w, https:\/\/listagil.is\/wp-content\/uploads\/2019\/06\/SarahAndrew_Poster-768x1079.jpg 768w, https:\/\/listagil.is\/wp-content\/uploads\/2019\/06\/SarahAndrew_Poster-729x1024.jpg 729w, https:\/\/listagil.is\/wp-content\/uploads\/2019\/06\/SarahAndrew_Poster.jpg 1175w\" sizes=\"auto, (max-width: 569px) 100vw, 569px\" \/><p id=\"caption-attachment-1916\" class=\"wp-caption-text\">www.greenishblue.squarespace.com<\/p><\/div>\n<p>Please join us for the opening of Sarah Webber\u2019s and Andrew Marsh\u2019s art installation \u2018 Matter of Time\u2019 on Saturday June 21st at 14:00 in Deiglan, Akureyri. The exhibition is a part of Midsummer Night Festival\u00a0 will be open until 21:00 on Saturday. Light refreshments and the artists will be present. Also open on Sunday, May 26th hr. 14 \u2013 17.<\/p>\n<p>\u2018Matter of Time\u2019 is a new installation artwork by June artists in residence, Sarah Webber and Andrew Walsh from Sydney, Australia. Comprising of a large suspended form made up of over a thousand origami fish, \u2018Matter of Time\u2019 reflects the artists own personal experiences of travelling throughout Iceland. Captivated by feelings evoked by the beauty, magnitude and foreignness of the Icelandic landscape, the artists sought to offer a similarly sublime experience for their audience. Focusing on the themes of time, place and space, the artists seek to transport their viewers into another world and offer a spatial experience which embodies the artists physical and metaphorical time spent in Akureyri. Inspired by Iceland\u2019s rich history and affiliation with its oceanic ecosystems, the artists have chosen to use \u2018fish\u2019 as a representative symbol of \u2018place\u2019. The artists constructed over 1,110 origami fish within 15 days during their residency, with each individual fish requiring 6 minutes to create. Using each fish as an individual element that represents 6 minutes of time, the final suspended artwork offers the audience the opportunity to stand within a shoal of hand-crafted fish and contemplate on the physical matter which encapsulates 6,660 minutes of elapsed time.<\/p>\n<p>Sarah Webber is a multidisciplinary visual artist and art therapist based in Sydney, Australia. Sarah holds a Bachelor of Visual Arts (Object Art &amp; Design) from the University of Sydney, a Master of Design (Environments) from the University of New South Wales and a Master of Art Therapy degree from Western Sydney University. Sarah is interested in the interrelationship between humans and art. Within her discipline Sarah often uses large-scale installations and lighting designs to create three-dimensional works exploring geometry, movement and space. Sarah has previously exhibited in Australia, Spain, Italy and Japan.<\/p>\n<p>Andrew is a Sydney based architect and photographer with a Bachelor of Design (Architecture) from the University of Technology Sydney and a Master of Architecture from the University of Melbourne. Andrew continued his studies at the Technische Universit\u00e4t Berlin, whilst working with Lin Architects. During this time, he was part of a historical exhibition titled \u2018The Red Banana\u2019 in Chomutov, Czech Republic. Andrew\u2019s interests lie at the intersection between art and architecture and the impact these mediums can have on human experience. Andrew has exhibited in numerous group shows throughout Australia.<\/p>\n<p><img loading=\"lazy\" decoding=\"async\" class=\"aligncenter size-medium wp-image-1899\" src=\"http:\/\/listagil.is\/wp-content\/uploads\/2019\/06\/Sarah_Andrew-Web-640x800.jpg\" alt=\"\" width=\"640\" height=\"800\" srcset=\"https:\/\/listagil.is\/wp-content\/uploads\/2019\/06\/Sarah_Andrew-Web-640x800.jpg 640w, https:\/\/listagil.is\/wp-content\/uploads\/2019\/06\/Sarah_Andrew-Web-768x960.jpg 768w, https:\/\/listagil.is\/wp-content\/uploads\/2019\/06\/Sarah_Andrew-Web-819x1024.jpg 819w, https:\/\/listagil.is\/wp-content\/uploads\/2019\/06\/Sarah_Andrew-Web.jpg 930w\" sizes=\"auto, (max-width: 640px) 100vw, 640px\" \/><\/p>\n<p>Veri\u00f0 velkomin \u00e1 opnun \u201eMatter of Time\u201c laugardaginn 22. j\u00fan\u00ed kl. 14:00 \u00ed Deiglunni, Akureyri. Gestalistamenn Gilf\u00e9lagsins \u00ed j\u00fan\u00ed, \u00feau Sarah Webber og Andrew Walsh s\u00fdna innsetningu sem \u00feau hafa unni\u00f0 a\u00f0 \u00e1 Akureyri.\u00a0 L\u00e9ttar veitingar og listama\u00f0urinn ver\u00f0ur \u00e1 sta\u00f0num. S\u00fdningin er hluti af J\u00f3nsmessugle\u00f0i \u00e1 Akureyri og ver\u00f0ur opin til kl. 21:00.<br \/>\nEinnig opi\u00f0 sunnudag, 23. j\u00fan\u00ed kl. 14 \u2013 17.<\/p>\n<p>\u2018Matter of Time\u2019 er n\u00fd innsetning eftir gestalistamenn Gilf\u00e9lagsins \u00ed j\u00fan\u00edm\u00e1nu\u00f0i, \u00feau Sarah Webber og Andrew Walsh fr\u00e1 Sydney \u00ed \u00c1stral\u00edu. Innsetningin sem samanstendur af yfir \u00fe\u00fasund origami fiskum endurspeglar upplifun listamannana af fer\u00f0um \u00feeirra um \u00cdsland. Gagntekin af fegur\u00f0, st\u00e6r\u00f0 og framandleika landslagsins s\u00e6kjast listamennirnir eftir a\u00f0 koma fram svipa\u00f0ri tilfinningu hj\u00e1 \u00e1horfandanum. Me\u00f0 f\u00f3kus \u00e1 t\u00edma, sta\u00f0 og r\u00fdmi stefna listamennirnir a\u00f0 \u00fev\u00ed a\u00f0 koma \u00e1horfendunum \u00ed n\u00fdjan heim og bj\u00f3\u00f0a upp \u00e1 r\u00fdmisreynslu sem minnir \u00e1 reynslu \u00feeirra af Akureyri. Sarah og Andrew fengu innbl\u00e1stur fr\u00e1 r\u00edkri s\u00f6gu \u00cdslands og tengingu \u00feess vi\u00f0 l\u00edfr\u00edki hafsins. \u00deau v\u00f6ldu a\u00f0 nota \u2018fiskinn\u2019 til a\u00f0 t\u00e1kna \u2018sta\u2019. Listamennirnir bjuggu til r\u00edflega 1.110 origami fiska \u00e1 15 d\u00f6gum \u00fear sem hver fiskur tekur um 6 m\u00edn\u00fatur a\u00f0 \u00fatb\u00faa. \u00dear sem hver einstaki fiskur t\u00e1knar 6 m\u00edn\u00fatur mun heildarverki\u00f0 gefa \u00e1horfandanum t\u00e6kif\u00e6ri til a\u00f0 standa inn \u00ed fiskitorfu sem myndgerir 6.660 m\u00edn\u00fatur.<\/p>\n<p>Sarah Webber er myndlistama\u00f0ur sem vinnur \u00fevert \u00e1 mi\u00f0la og list\u00feerapisti sem b\u00fdr \u00ed Sydney, \u00c1stral\u00edu. Sarah er me\u00f0 bakkal\u00e1rgr\u00e1\u00f0u \u00ed myndlist (Object Art &amp; Design) fr\u00e1 H\u00e1sk\u00f3lanum \u00ed Sydney, meistaragr\u00e1\u00f0u \u00ed umhverfish\u00f6nnun fr\u00e1 H\u00e1sk\u00f3lanum \u00ed New South Wales og meistaragr\u00e1\u00f0u \u00ed List\u00feerap\u00edu fr\u00e1 Western Sydney H\u00e1sk\u00f3lanum. Sarah hefur \u00e1huga \u00e1 tengsl mannsins og listar. H\u00fan vinnur oft me\u00f0 st\u00f3rar innsetningar og lj\u00f3sah\u00f6nnun til a\u00f0 skapa \u00fer\u00edv\u00ed\u00f0 verk sem kanna r\u00famfr\u00e6\u00f0i, hreyfingu og r\u00fdmi. Sarah hefur s\u00fdnt \u00ed \u00c1stral\u00edu, Sp\u00e1ni, \u00cdtal\u00edu og Japan.<\/p>\n<p>Andrew er b\u00fasettur \u00ed Sydney og starfar sem arkitekt og lj\u00f3smyndari. Hann er me\u00f0 bakkal\u00e1rgr\u00e1\u00f0u \u00ed Arkitekt\u00far fr\u00e1 T\u00e6knih\u00e1sk\u00f3lanum \u00ed Sydney og meistaragr\u00e1\u00f0u \u00ed arkitekt\u00far fr\u00e1 H\u00e1sk\u00f3lanum \u00ed Melbourne. Andrew f\u00f3r \u00ed framhaldsn\u00e1m vi\u00f0 T\u00e6knih\u00e1sk\u00f3lann \u00ed Berl\u00edn me\u00f0framt \u00fev\u00ed a\u00f0 vinna fyrir Lin Architects. \u00c1 \u00feessum t\u00edma t\u00f3k hann einnig \u00fe\u00e1tt \u00ed s\u00f6gulegri s\u00fdningu, \u2018The Red Banana\u2019 \u00ed Chomutov \u00ed T\u00e9kklandi. \u00c1hugi Andrews liggur \u00ed m\u00f3tum listar og arkitekt\u00fars og \u00e1hrifum \u00feessara tveggja mi\u00f0la \u00e1 upplifun mannisns. Andrew hefur teki\u00f0 \u00fe\u00e1tt \u00ed fj\u00f6lda s\u00fdninga \u00ed \u00c1stral\u00edu.<\/p>\n","protected":false},"excerpt":{"rendered":"<p>Please join us for the opening of Sarah Webber\u2019s and Andrew Marsh\u2019s art installation \u2018 Matter of Time\u2019 on Saturday June 21st at 14:00 in Deiglan, Akureyri. The exhibition is a part of Midsummer Night Festival\u00a0 will be&#46;&#46;&#46;<\/p>\n","protected":false},"author":3,"featured_media":1916,"comment_status":"closed","ping_status":"closed","sticky":false,"template":"","format":"standard","meta":{"_exactmetrics_skip_tracking":false,"_exactmetrics_sitenote_active":false,"_exactmetrics_sitenote_note":"","_exactmetrics_sitenote_category":0,"footnotes":""},"categories":[78],"tags":[],"class_list":["post-1919","post","type-post","status-publish","format-standard","has-post-thumbnail","hentry","category-events"],"_links":{"self":[{"href":"https:\/\/listagil.is\/index.php?rest_route=\/wp\/v2\/posts\/1919","targetHints":{"allow":["GET"]}}],"collection":[{"href":"https:\/\/listagil.is\/index.php?rest_route=\/wp\/v2\/posts"}],"about":[{"href":"https:\/\/listagil.is\/index.php?rest_route=\/wp\/v2\/types\/post"}],"author":[{"embeddable":true,"href":"https:\/\/listagil.is\/index.php?rest_route=\/wp\/v2\/users\/3"}],"replies":[{"embeddable":true,"href":"https:\/\/listagil.is\/index.php?rest_route=%2Fwp%2Fv2%2Fcomments&post=1919"}],"version-history":[{"count":2,"href":"https:\/\/listagil.is\/index.php?rest_route=\/wp\/v2\/posts\/1919\/revisions"}],"predecessor-version":[{"id":1921,"href":"https:\/\/listagil.is\/index.php?rest_route=\/wp\/v2\/posts\/1919\/revisions\/1921"}],"wp:featuredmedia":[{"embeddable":true,"href":"https:\/\/listagil.is\/index.php?rest_route=\/wp\/v2\/media\/1916"}],"wp:attachment":[{"href":"https:\/\/listagil.is\/index.php?rest_route=%2Fwp%2Fv2%2Fmedia&parent=1919"}],"wp:term":[{"taxonomy":"category","embeddable":true,"href":"https:\/\/listagil.is\/index.php?rest_route=%2Fwp%2Fv2%2Fcategories&post=1919"},{"taxonomy":"post_tag","embeddable":true,"href":"https:\/\/listagil.is\/index.php?rest_route=%2Fwp%2Fv2%2Ftags&post=1919"}],"curies":[{"name":"wp","href":"https:\/\/api.w.org\/{rel}","templated":true}]}}