{"id":1881,"date":"2019-05-20T08:41:37","date_gmt":"2019-05-20T08:41:37","guid":{"rendered":"http:\/\/listagil.is\/?p=1881"},"modified":"2019-05-22T19:31:48","modified_gmt":"2019-05-22T19:31:48","slug":"states-of-being-myndlistasyning","status":"publish","type":"post","link":"https:\/\/listagil.is\/?p=1881","title":{"rendered":"States of Being &#8211; Myndlistas\u00fdning"},"content":{"rendered":"<p><img loading=\"lazy\" decoding=\"async\" class=\"aligncenter size-medium wp-image-1859\" src=\"http:\/\/listagil.is\/wp-content\/uploads\/2019\/05\/States-of-Being-800x568.jpg\" alt=\"\" width=\"800\" height=\"568\" srcset=\"https:\/\/listagil.is\/wp-content\/uploads\/2019\/05\/States-of-Being-800x568.jpg 800w, https:\/\/listagil.is\/wp-content\/uploads\/2019\/05\/States-of-Being-768x545.jpg 768w, https:\/\/listagil.is\/wp-content\/uploads\/2019\/05\/States-of-Being.jpg 1024w\" sizes=\"auto, (max-width: 800px) 100vw, 800px\" \/><\/p>\n<p>Veri\u00f0 velkomin \u00e1 opnun &#8220;States of Being&#8221; laugardaginn 25. ma\u00ed kl. 14 &#8211; 17 \u00ed Deiglunni, Akureyri. Gestalistama\u00f0ur Gilf\u00e9lagsins \u00ed ma\u00ed, Federico Dedionigi, s\u00fdnir m\u00e1lverkaser\u00edu sem hann hefur unni\u00f0 a\u00f0 s\u00ed\u00f0asta \u00e1ri\u00f0. L\u00e9ttar veitingar og listama\u00f0urinn ver\u00f0ur \u00e1 sta\u00f0num.<br \/>\nEinnig opi\u00f0 sunnudag, 26. ma\u00ed kl. 14 &#8211; 17.<\/p>\n<p>Federico er f\u00e6ddur og uppalinn \u00ed \u00fathverfum Buenos Aires \u00ed Argent\u00ednu. Hann hlaut BA gr\u00e1\u00f0u \u00ed myndlist fr\u00e1 Social Museum University (UMSA) og MA \u00ed list\u00feerap\u00edu fr\u00e1 National University of the Arts \u00ed Argent\u00ednu. Hann hefur mikinn \u00e1huga \u00e1 austurlenskum fr\u00e6\u00f0um, \u00e1 chi kung, j\u00f3ga, huglei\u00f0slua\u00f0fer\u00f0um og k\u00ednverskum bardagalistum og vinnur a\u00f0 \u00fev\u00ed a\u00f0 afla s\u00e9r frekari \u00feekkingar.<\/p>\n<p>Hann starfar sem a\u00f0sto\u00f0arkennari hj\u00e1 UMSA og hefur einnig kennt hj\u00e1 \u00fdmsum sk\u00f3lum \u00ed Buenos Aires. Sem list\u00feerapisti hefur hann starfa\u00f0 hj\u00e1 Interzonal Hospital Dr. J. Esteves og veri\u00f0 nemi hj\u00e1 Civil Association Antilco.<\/p>\n<p>\u00c1rin 2016 og 2017 bj\u00f3 hann \u00ed Frakklandi og fer\u00f0a\u00f0ist um Nor\u00f0ur Evr\u00f3pu. \u00dear vann hann verk, m.a. teikningaser\u00edu af evr\u00f3psku landslagi, Carnet de Voyage og blekteikningar innbl\u00e1snar af Fr\u00f6nsku \u00d6lpunum \u00fear sem hann dvaldi einn vetur. Federico h\u00f3f a\u00f0 vinna a\u00f0 akr\u00fdlm\u00e1lverkaser\u00edu \u00ed Buenos Aires sem kallast States of Being og hefur haldi\u00f0 \u00feeirri vinnu \u00e1fram \u00ed Gestavinnustofu Gilf\u00e9lagsins.<\/p>\n<p><img loading=\"lazy\" decoding=\"async\" class=\"aligncenter size-medium wp-image-1856\" src=\"http:\/\/listagil.is\/wp-content\/uploads\/2019\/05\/FedericoDedionigi-800x552.jpg\" alt=\"\" width=\"800\" height=\"552\" srcset=\"https:\/\/listagil.is\/wp-content\/uploads\/2019\/05\/FedericoDedionigi-800x552.jpg 800w, https:\/\/listagil.is\/wp-content\/uploads\/2019\/05\/FedericoDedionigi-768x530.jpg 768w, https:\/\/listagil.is\/wp-content\/uploads\/2019\/05\/FedericoDedionigi.jpg 1024w\" sizes=\"auto, (max-width: 800px) 100vw, 800px\" \/><br \/>\nPlease join us for the opening of exhibition &#8220;States of Being&#8221; on Saturday, May 25th hr. 14 &#8211; 17 in Deiglan, Akureyri. Gil Artist in Residence Federico Dedionigi displays a new series of paintings. Light refreshments and the artist will be present. Also open on Sunday, May 26th hr. 14 &#8211; 17.<\/p>\n<p>Born and raised in Temperley in the southern suburbs of Buenos Aires, Argentina, Federico got his Bachelor\u2019s Degree in Visual Arts from the Social Museum University at a young age, and was rapidly followed by a Master\u2019s Degree in Art Therapy from the distinguished National University of the Arts of Argentina. His interests are varied, he got intersted in Chi Kung, Yoga, meditation techniques and chinese martial arts and continues to learn on these subjects.<\/p>\n<p>Assistant Professor at UMSA (Social Museum University of Argentina), teacher at public and private schools from Buenos Aires. As art therapist, worked at Interzonal Hospital Dr. J. Esteves and did art internships at the Civil Association Antilco.<\/p>\n<p>Between 2016 and 2017 he developed artwork while living in France and while traveling through Northern Europe. He did line sketches that ended up being part of Carnet de Voyage, a series of european landscapes, and Sumi-e ink drawings inspired by the french alps, home for the artist for one snowy winter. During 2018 and early 2019 and while back in Buenos Aires, he got to develop an ongoing series painted in acrylics called States of Being. His next stop is Berlin.<\/p>\n","protected":false},"excerpt":{"rendered":"<p>Veri\u00f0 velkomin \u00e1 opnun &#8220;States of Being&#8221; laugardaginn 25. ma\u00ed kl. 14 &#8211; 17 \u00ed Deiglunni, Akureyri. Gestalistama\u00f0ur Gilf\u00e9lagsins \u00ed ma\u00ed, Federico Dedionigi, s\u00fdnir m\u00e1lverkaser\u00edu sem hann hefur unni\u00f0 a\u00f0 s\u00ed\u00f0asta \u00e1ri\u00f0. L\u00e9ttar veitingar og listama\u00f0urinn ver\u00f0ur \u00e1&#46;&#46;&#46;<\/p>\n","protected":false},"author":3,"featured_media":1859,"comment_status":"closed","ping_status":"closed","sticky":false,"template":"","format":"standard","meta":{"_exactmetrics_skip_tracking":false,"_exactmetrics_sitenote_active":false,"_exactmetrics_sitenote_note":"","_exactmetrics_sitenote_category":0,"footnotes":""},"categories":[4],"tags":[],"class_list":["post-1881","post","type-post","status-publish","format-standard","has-post-thumbnail","hentry","category-frettir"],"_links":{"self":[{"href":"https:\/\/listagil.is\/index.php?rest_route=\/wp\/v2\/posts\/1881","targetHints":{"allow":["GET"]}}],"collection":[{"href":"https:\/\/listagil.is\/index.php?rest_route=\/wp\/v2\/posts"}],"about":[{"href":"https:\/\/listagil.is\/index.php?rest_route=\/wp\/v2\/types\/post"}],"author":[{"embeddable":true,"href":"https:\/\/listagil.is\/index.php?rest_route=\/wp\/v2\/users\/3"}],"replies":[{"embeddable":true,"href":"https:\/\/listagil.is\/index.php?rest_route=%2Fwp%2Fv2%2Fcomments&post=1881"}],"version-history":[{"count":2,"href":"https:\/\/listagil.is\/index.php?rest_route=\/wp\/v2\/posts\/1881\/revisions"}],"predecessor-version":[{"id":1889,"href":"https:\/\/listagil.is\/index.php?rest_route=\/wp\/v2\/posts\/1881\/revisions\/1889"}],"wp:featuredmedia":[{"embeddable":true,"href":"https:\/\/listagil.is\/index.php?rest_route=\/wp\/v2\/media\/1859"}],"wp:attachment":[{"href":"https:\/\/listagil.is\/index.php?rest_route=%2Fwp%2Fv2%2Fmedia&parent=1881"}],"wp:term":[{"taxonomy":"category","embeddable":true,"href":"https:\/\/listagil.is\/index.php?rest_route=%2Fwp%2Fv2%2Fcategories&post=1881"},{"taxonomy":"post_tag","embeddable":true,"href":"https:\/\/listagil.is\/index.php?rest_route=%2Fwp%2Fv2%2Ftags&post=1881"}],"curies":[{"name":"wp","href":"https:\/\/api.w.org\/{rel}","templated":true}]}}