{"id":1845,"date":"2019-05-02T11:14:46","date_gmt":"2019-05-02T11:14:46","guid":{"rendered":"http:\/\/listagil.is\/?p=1845"},"modified":"2019-05-02T11:14:46","modified_gmt":"2019-05-02T11:14:46","slug":"sumarakvarell-i-deiglunni","status":"publish","type":"post","link":"https:\/\/listagil.is\/?p=1845","title":{"rendered":"Sumarakvarell \u00ed Deiglunni"},"content":{"rendered":"<p><img loading=\"lazy\" decoding=\"async\" class=\"aligncenter size-medium wp-image-1846\" src=\"http:\/\/listagil.is\/wp-content\/uploads\/2019\/05\/57079812_10216350178260255_4592009763927097344_o-800x570.jpg\" alt=\"\" width=\"800\" height=\"570\" srcset=\"https:\/\/listagil.is\/wp-content\/uploads\/2019\/05\/57079812_10216350178260255_4592009763927097344_o-800x570.jpg 800w, https:\/\/listagil.is\/wp-content\/uploads\/2019\/05\/57079812_10216350178260255_4592009763927097344_o-768x547.jpg 768w, https:\/\/listagil.is\/wp-content\/uploads\/2019\/05\/57079812_10216350178260255_4592009763927097344_o-1024x730.jpg 1024w, https:\/\/listagil.is\/wp-content\/uploads\/2019\/05\/57079812_10216350178260255_4592009763927097344_o.jpg 1776w\" sizes=\"auto, (max-width: 800px) 100vw, 800px\" \/><\/p>\n<p align=\"CENTER\"><span style=\"font-family: Bradley Hand ITC, cursive;\"><span style=\"font-size: xx-large;\"><b>Sumarakvarell\u00b419 \u00ed Deiglunni \u00ed Listagili<\/b><\/span><\/span><\/p>\n<p align=\"CENTER\"><span style=\"font-family: Arial, sans-serif;\"><span style=\"font-size: small;\"><b>Gu\u00f0mundur \u00c1rmann Sigurj\u00f3nsson er myndlistarma\u00f0ur og myndlistarkennari n\u00fa \u00e1 eftirlaunum.<\/b><\/span><\/span><\/p>\n<p align=\"CENTER\"><span style=\"font-family: Arial, sans-serif;\"><span style=\"font-size: small;\"><b>Ferill: <\/b><\/span><\/span><\/p>\n<p align=\"CENTER\"><span style=\"font-family: Arial, sans-serif;\"><span style=\"font-size: small;\"><b>\u00c1 fj\u00f3r\u00f0a tug einkas\u00fdninga og \u00fe\u00e1ttaka \u00ed fj\u00f6lda sams\u00fdninga, var valinn 2016, af d\u00f3mnefnd til a\u00f0 taka \u00fe\u00e1tt \u00ed norr\u00e6na vatnslitas\u00fdningu 2017 og einnig \u00e1 al\u00fej\u00f3\u00f0legri vatnslitas\u00fdningu, Fabriano 2018 og 19<\/b><\/span><\/span><\/p>\n<p align=\"CENTER\"><span style=\"font-family: Arial, sans-serif;\"><span style=\"font-size: small;\"><b>Menntun: Sveinspr\u00f3f \u00ed prentmyndager\u00f0, BA-n\u00e1m vi\u00f0 Myndlista- og hand\u00ed\u00f0ask\u00f3la \u00cdslands,<\/b><\/span><\/span><\/p>\n<p align=\"CENTER\"><span style=\"font-family: Arial, sans-serif;\"><span style=\"font-size: small;\"><b>meistaran\u00e1m vi\u00f0 Valands listah\u00e1sk\u00f3lann \u00ed Gautaborg. Kennsur\u00e9ttindi fr\u00e1 kennaradeild H\u00e1sk\u00f3lanns \u00e1 Akureyri M.Ed \u00ed menntunarfr\u00e6\u00f0um 2012.<\/b><\/span><\/span><\/p>\n<p><span style=\"font-family: Arial-BoldMT, Times New Roman, sans-serif;\"><span style=\"font-size: small;\"><b>N\u00e1mskei\u00f0sl\u00fdsing:<\/b><\/span><\/span><\/p>\n<p><span style=\"font-family: ArialMT, Arial, sans-serif;\"><span style=\"font-size: small;\">N\u00e1mskei\u00f0i\u00f0 er fyrir byrjendur. <\/span><\/span><\/p>\n<p><span style=\"font-family: Arial-BoldMT, Times New Roman, sans-serif;\"><span style=\"font-size: small;\"><b>Helstu \u00e1herslur:<\/b><\/span><\/span><\/p>\n<p>\u2022 <span style=\"font-family: Arial, sans-serif;\"><span style=\"font-size: small;\">Almennur undirb\u00faningur og fr\u00f3\u00f0leikur um <\/span><\/span><span style=\"font-family: Arial, sans-serif;\"><span style=\"font-size: small;\">vatnslitat\u00e6kni og mismunandivatnslita papp\u00edr, l\u00edma upp, e\u00f0a ekki l\u00edma upp. ,<\/span><\/span><\/p>\n<p>\u2022 <span style=\"font-family: Arial, sans-serif;\"><span style=\"font-size: small;\">Fari\u00f0 ver\u00f0ur \u00ed vatnslitaa\u00f0fer\u00f0ina, <\/span><\/span><span style=\"font-family: Arial, sans-serif;\"><span style=\"font-size: small;\">a\u00f0 <\/span><\/span><span style=\"font-family: Arial, sans-serif;\"><span style=\"font-size: small;\"><b>m\u00e1la vott \u00ed vott.<\/b><\/span><\/span><\/p>\n<p>\u2022 <span style=\"font-family: Arial, sans-serif;\"><span style=\"font-size: small;\">Umr\u00e6\u00f0a um teikningu, myndbyggingu, m\u00e1lun og m\u00f3t\u00edfval.<\/span><\/span><\/p>\n<ul>\n<li><span style=\"font-family: Arial, sans-serif;\"><span style=\"font-size: small;\">Me\u00f0al annars ver\u00f0ur stu\u00f0st vi\u00f0 lj\u00f3smyndir.<\/span><\/span><\/li>\n<\/ul>\n<p><span style=\"font-family: Arial-BoldMT, Times New Roman, sans-serif;\"><span style=\"font-size: small;\"><b>Kennslua\u00f0fer\u00f0ir:<\/b><\/span><\/span><\/p>\n<p><span style=\"font-family: ArialMT, Arial, sans-serif;\"><span style=\"font-size: small;\">Verklegar \u00e6fingar nemenda og lei\u00f0beining, umr\u00e6\u00f0ur og s\u00fdnikennsla.<\/span><\/span><\/p>\n<p><span style=\"font-family: Arial-BoldMT, Times New Roman, sans-serif;\"><span style=\"font-size: small;\"><b>Sta\u00f0setning:<\/b><\/span><\/span><\/p>\n<p><span style=\"font-family: ArialMT, Arial, sans-serif;\"><span style=\"font-size: small;\">Deiglan Listagili Kaupvangsstr\u00e6ti 23 Akureyri<\/span><\/span><\/p>\n<p><span style=\"font-family: Arial-BoldMT, Times New Roman, sans-serif;\"><span style=\"font-size: small;\"><b>T\u00edmi:<\/b><\/span><\/span><\/p>\n<p><span style=\"font-family: ArialMT, Arial, sans-serif;\"><span style=\"font-size: small;\">N\u00e1mskei\u00f0i\u00f0 hefst \u00feri\u00f0judaginn 11. j\u00fan\u00ed kl 16 \u2013 20, mi\u00f0vikudag 12. kl 10 til 16,00 og fimmtudaginn 13. kl. 10 til 16,00<\/span><\/span><\/p>\n<p><span style=\"font-family: Arial-BoldMT, Times New Roman, sans-serif;\"><span style=\"font-size: small;\"><b>Gjald: 23.000 + 3000 \u00ed efni og kost<\/b><\/span><\/span><\/p>\n<p><span style=\"font-family: ArialMT, Arial, sans-serif;\"><span style=\"font-size: small;\">N\u00e1mskei\u00f0 er 16 t\u00edma, innifali, l\u00edmb\u00f6nd, \u00ferj\u00e1r vatnslitarkir 25 x 35 cm. <\/span><\/span><\/p>\n<p><span style=\"font-family: ArialMT, Arial, sans-serif;\"><span style=\"font-size: small;\">s\u00fapa \u00e1 laugardag og sunnudag, kaffi, og brau\u00f0.<\/span><\/span><\/p>\n<p><span style=\"font-family: ArialMT, Arial, sans-serif;\"><span style=\"font-size: small;\"><b>Fj\u00f6ldi:<\/b><\/span><\/span><span style=\"font-family: ArialMT, Arial, sans-serif;\"><span style=\"font-size: small;\"> 7 \u00fe\u00e1tttakendur<\/span><\/span><\/p>\n<p><span style=\"font-family: Arial-BoldMT, Times New Roman, sans-serif;\"><span style=\"font-size: small;\"><b>Frekari uppl\u00fdsingar \u00ed s\u00edma 864 0086 <\/b><\/span><\/span><\/p>\n<p><span style=\"font-family: Arial-BoldMT, Times New Roman, sans-serif;\"><span style=\"font-size: small;\"><b>Skr\u00e1ning:<\/b><\/span><\/span><\/p>\n<p><span style=\"font-family: Arial-BoldMT, Times New Roman, sans-serif;\"><span style=\"font-size: small;\"><b>\u00cd<\/b><\/span><\/span><span style=\"font-family: Arial-BoldMT, Times New Roman, sans-serif;\"><span style=\"font-size: small;\"> netfang , <\/span><\/span><span style=\"color: #0000ff;\"><u><a href=\"mailto:garman@simnet.is\"><span style=\"font-family: Arial-BoldMT, Times New Roman, sans-serif;\"><span style=\"font-size: small;\">garman@simnet.is<\/span><\/span><\/a><\/u><\/span><span style=\"font-family: Arial-BoldMT, Times New Roman, sans-serif;\"><span style=\"font-size: small;\"> uppl\u00fdsingar um s\u00edma og netfang \u00f3ska\u00f0 vi\u00f0 skr\u00e1ningu.<\/span><\/span><\/p>\n<p><span style=\"font-family: Arial, sans-serif;\"><span style=\"font-size: small;\"><b><br \/>\nFyrsti t\u00edminn<\/b><\/span><\/span><span style=\"font-family: Arial, sans-serif;\"><span style=\"font-size: small;\"><b>:<\/b><\/span><\/span><\/p>\n<p><span style=\"font-family: ArialMT, Arial, sans-serif;\"><span style=\"font-size: small;\">Nemendur taki me\u00f0 s\u00e9r \u00ed fyrsta t\u00edma, pensla og einhvert tau,( t.d. gamalt handgl\u00e6\u00f0i). nemendur f\u00e1 3 arkir 25 x 35 sm Langton 300 gr. (eitthva\u00f0 ver\u00f0ur af papp\u00edr til s\u00f6lu \u00e1 sta\u00f0num). Gott a\u00f0 hafa me\u00f0 s\u00e9r spj\u00f6ld til a\u00f0 l\u00edma vatnslitaarkirnar upp \u00e1 svona 40 x 50 sm furu-greni krossvi\u00f0ur, um 8 mm \u00feykkur, tv\u00f6 stykki. annars bara a\u00f0 taka \u00feau spj\u00f6ld sem \u00fei\u00f0 eigi\u00f0. \u00deessi krossvi\u00f0ur f\u00e6st \u00ed H\u00fasasmi\u00f0junni og \u00feeir saga \u00ed r\u00e9tta st\u00e6r\u00f0. Litabakkar, krukkur undir vatn og tuskur, eru \u00e1 sta\u00f0num.<\/span><\/span><\/p>\n<p><span style=\"font-family: ArialMT, Arial, sans-serif;\"><span style=\"font-size: small;\">Taki\u00f0 me\u00f0 \u00fe\u00e1 liti sem \u00fei\u00f0 eigi\u00f0, Taki\u00f0 me\u00f0 ykkur pensla fyrir vatnsliti, st\u00f3ra, me\u00f0alst\u00f3ra og litla.<\/span><\/span><\/p>\n<p><span style=\"font-family: ArialMT, Arial, sans-serif;\"><span style=\"font-size: small;\">Eitthva\u00f0 ver\u00f0ur af spj\u00f6ldum, penslum og l\u00edmbandi \u00e1 sta\u00f0num. Sendi ykkur lista yfir nau\u00f0synlega liti \u00ed byrjun ma\u00ed.<\/span><\/span><\/p>\n","protected":false},"excerpt":{"rendered":"<p>Sumarakvarell\u00b419 \u00ed Deiglunni \u00ed Listagili Gu\u00f0mundur \u00c1rmann Sigurj\u00f3nsson er myndlistarma\u00f0ur og myndlistarkennari n\u00fa \u00e1 eftirlaunum. Ferill: \u00c1 fj\u00f3r\u00f0a tug einkas\u00fdninga og \u00fe\u00e1ttaka \u00ed fj\u00f6lda sams\u00fdninga, var valinn 2016, af d\u00f3mnefnd til a\u00f0 taka \u00fe\u00e1tt \u00ed norr\u00e6na vatnslitas\u00fdningu 2017&#46;&#46;&#46;<\/p>\n","protected":false},"author":3,"featured_media":1846,"comment_status":"closed","ping_status":"closed","sticky":false,"template":"","format":"standard","meta":{"_exactmetrics_skip_tracking":false,"_exactmetrics_sitenote_active":false,"_exactmetrics_sitenote_note":"","_exactmetrics_sitenote_category":0,"footnotes":""},"categories":[4],"tags":[],"class_list":["post-1845","post","type-post","status-publish","format-standard","has-post-thumbnail","hentry","category-frettir"],"_links":{"self":[{"href":"https:\/\/listagil.is\/index.php?rest_route=\/wp\/v2\/posts\/1845","targetHints":{"allow":["GET"]}}],"collection":[{"href":"https:\/\/listagil.is\/index.php?rest_route=\/wp\/v2\/posts"}],"about":[{"href":"https:\/\/listagil.is\/index.php?rest_route=\/wp\/v2\/types\/post"}],"author":[{"embeddable":true,"href":"https:\/\/listagil.is\/index.php?rest_route=\/wp\/v2\/users\/3"}],"replies":[{"embeddable":true,"href":"https:\/\/listagil.is\/index.php?rest_route=%2Fwp%2Fv2%2Fcomments&post=1845"}],"version-history":[{"count":2,"href":"https:\/\/listagil.is\/index.php?rest_route=\/wp\/v2\/posts\/1845\/revisions"}],"predecessor-version":[{"id":1848,"href":"https:\/\/listagil.is\/index.php?rest_route=\/wp\/v2\/posts\/1845\/revisions\/1848"}],"wp:featuredmedia":[{"embeddable":true,"href":"https:\/\/listagil.is\/index.php?rest_route=\/wp\/v2\/media\/1846"}],"wp:attachment":[{"href":"https:\/\/listagil.is\/index.php?rest_route=%2Fwp%2Fv2%2Fmedia&parent=1845"}],"wp:term":[{"taxonomy":"category","embeddable":true,"href":"https:\/\/listagil.is\/index.php?rest_route=%2Fwp%2Fv2%2Fcategories&post=1845"},{"taxonomy":"post_tag","embeddable":true,"href":"https:\/\/listagil.is\/index.php?rest_route=%2Fwp%2Fv2%2Ftags&post=1845"}],"curies":[{"name":"wp","href":"https:\/\/api.w.org\/{rel}","templated":true}]}}