{"id":1807,"date":"2019-04-04T09:50:26","date_gmt":"2019-04-04T09:50:26","guid":{"rendered":"http:\/\/listagil.is\/?p=1807"},"modified":"2019-04-04T09:50:53","modified_gmt":"2019-04-04T09:50:53","slug":"sylvia-donis-2","status":"publish","type":"post","link":"https:\/\/listagil.is\/?p=1807","title":{"rendered":"Sylvia Donis"},"content":{"rendered":"<p><img loading=\"lazy\" decoding=\"async\" class=\"aligncenter size-full wp-image-1803\" src=\"http:\/\/listagil.is\/wp-content\/uploads\/2019\/04\/Sylvia-Donis.jpg\" alt=\"\" width=\"495\" height=\"740\" \/><\/p>\n<p>Sylvia Donis is our resident artist of the month of april.<\/p>\n<p>Sylvia Donis is a french visual artist, graduated in photography (ENSP Arles, France) and in fine art (BA visual art, Pantheon Sorbonne, Paris). Her work allows itself several shapes : photography and\/or video installations, video and super 8 movies, drawing. She is interested by metaphoric \u00ab black holes \u00bb, as she can find them in the memories, in human faces, in the absence and presence, in disappearance\u2026 Each of her installations propose a sort of peculiar narration. During her stay in Iceland she experiments the particular light of this country, the eternal night and the midnight sun. In Gil Artists Residency she plans to finish and refine a video installation about this light, the winter&#8217;s darkness and all the stories that can be born in the dark.<\/p>\n<p>Sylvia will exhibit the products of her stay in Deiglan april 26 &#8211; 28th.<br \/>\nhttp:\/\/sylviadonis.com<\/p>\n<p><img loading=\"lazy\" decoding=\"async\" class=\"size-full wp-image-1798\" src=\"http:\/\/listagil.is\/wp-content\/uploads\/2019\/04\/1.jpg\" alt=\"\" width=\"740\" height=\"555\" \/><\/p>\n<p>Sylvia Donis er gestalistama\u00f0ur Gilf\u00e9lagsins \u00ed apr\u00edlm\u00e1nu\u00f0i.<\/p>\n<p>Sylvia Donis er franskur myndlistama\u00f0ur sem \u00fatskrifa\u00f0ist \u00far lj\u00f3smyndun hj\u00e1 ENSP Arles og myndlist \u00ed Pantheon Sorbonne \u00ed Frakklandi. Verk hennar taka \u00e1 sig \u00fdmsar myndir, til d\u00e6mis lj\u00f3smyndir og\/e\u00f0a videoinnsetningar, video og super 8 b\u00ed\u00f3myndir og teikning. H\u00fan hefur \u00e1huga \u00e1 hugmyndinni um myndl\u00edkingu svarthola en h\u00fan getur fundi\u00f0 svarthol \u00ed minningum, andlitum, \u00ed fjarveru og vi\u00f0veru, \u00ed hvarfinu&#8230; Innsetningarnar hennar leggja til frekar einkennilega fr\u00e1s\u00f6gn.<br \/>\nVi\u00f0 dv\u00f6l hennar \u00e1 \u00cdslandi mun h\u00fan gera tilraunir me\u00f0 lj\u00f3s landsins, hina eil\u00edfu n\u00f3tt og mi\u00f0n\u00e6turs\u00f3lina. \u00cd gestavinnustofu Gilf\u00e9lagsins mun h\u00fan kl\u00e1ra og f\u00ednp\u00fassa videoinnsetningu um lj\u00f3si\u00f0, vetrarmyrkri\u00f0 og allar sgurnar sem geta f\u00e6\u00f0st \u00ed myrkrinu.<\/p>\n<p>Sylvia mun s\u00fdna afur\u00f0ir dvalar sinnar \u00ed Deiglunni 26. &#8211; 28. apr\u00edl.<br \/>\nwww.sylviadonis.com<\/p>\n\n\t\t<style>\n\t\t\t#gallery-1 {\n\t\t\t\tmargin: auto;\n\t\t\t}\n\t\t\t#gallery-1 .gallery-item {\n\t\t\t\tfloat: left;\n\t\t\t\tmargin-top: 10px;\n\t\t\t\ttext-align: center;\n\t\t\t\twidth: 50%;\n\t\t\t}\n\t\t\t#gallery-1 img {\n\t\t\t\tborder: 2px solid #cfcfcf;\n\t\t\t}\n\t\t\t#gallery-1 .gallery-caption {\n\t\t\t\tmargin-left: 0;\n\t\t\t}\n\t\t\t\/* see gallery_shortcode() in wp-includes\/media.php *\/\n\t\t<\/style>\n\t\t<div id='gallery-1' class='gallery galleryid-1807 gallery-columns-2 gallery-size-medium'><dl class='gallery-item'>\n\t\t\t<dt class='gallery-icon portrait'>\n\t\t\t\t<img loading=\"lazy\" decoding=\"async\" width=\"555\" height=\"740\" src=\"https:\/\/listagil.is\/wp-content\/uploads\/2019\/04\/P1020160.jpg\" class=\"attachment-medium size-medium no-lazy\" alt=\"\" \/>\n\t\t\t<\/dt><\/dl><dl class='gallery-item'>\n\t\t\t<dt class='gallery-icon portrait'>\n\t\t\t\t<img loading=\"lazy\" decoding=\"async\" width=\"495\" height=\"740\" src=\"https:\/\/listagil.is\/wp-content\/uploads\/2019\/04\/In-absentia-1.jpg\" class=\"attachment-medium size-medium no-lazy\" alt=\"\" \/>\n\t\t\t<\/dt><\/dl><br style=\"clear: both\" \/><dl class='gallery-item'>\n\t\t\t<dt class='gallery-icon portrait'>\n\t\t\t\t<img loading=\"lazy\" decoding=\"async\" width=\"451\" height=\"693\" src=\"https:\/\/listagil.is\/wp-content\/uploads\/2019\/04\/Capture-d\u2019e\u0301cran-2016-09-21-a\u0300-16.10.23.jpg\" class=\"attachment-medium size-medium no-lazy\" alt=\"\" \/>\n\t\t\t<\/dt><\/dl><dl class='gallery-item'>\n\t\t\t<dt class='gallery-icon landscape'>\n\t\t\t\t<img loading=\"lazy\" decoding=\"async\" width=\"740\" height=\"555\" src=\"https:\/\/listagil.is\/wp-content\/uploads\/2019\/04\/Arpenter-2-copie.jpg\" class=\"attachment-medium size-medium no-lazy\" alt=\"\" \/>\n\t\t\t<\/dt><\/dl><br style=\"clear: both\" \/>\n\t\t<\/div>\n\n","protected":false},"excerpt":{"rendered":"<p>Sylvia Donis is our resident artist of the month of april. Sylvia Donis is a french visual artist, graduated in photography (ENSP Arles, France) and in fine art (BA visual art, Pantheon Sorbonne, Paris). Her work allows itself&#46;&#46;&#46;<\/p>\n","protected":false},"author":3,"featured_media":1803,"comment_status":"closed","ping_status":"closed","sticky":false,"template":"","format":"standard","meta":{"_exactmetrics_skip_tracking":false,"_exactmetrics_sitenote_active":false,"_exactmetrics_sitenote_note":"","_exactmetrics_sitenote_category":0,"footnotes":""},"categories":[80],"tags":[],"class_list":["post-1807","post","type-post","status-publish","format-standard","has-post-thumbnail","hentry","category-artist-in-residence"],"_links":{"self":[{"href":"https:\/\/listagil.is\/index.php?rest_route=\/wp\/v2\/posts\/1807","targetHints":{"allow":["GET"]}}],"collection":[{"href":"https:\/\/listagil.is\/index.php?rest_route=\/wp\/v2\/posts"}],"about":[{"href":"https:\/\/listagil.is\/index.php?rest_route=\/wp\/v2\/types\/post"}],"author":[{"embeddable":true,"href":"https:\/\/listagil.is\/index.php?rest_route=\/wp\/v2\/users\/3"}],"replies":[{"embeddable":true,"href":"https:\/\/listagil.is\/index.php?rest_route=%2Fwp%2Fv2%2Fcomments&post=1807"}],"version-history":[{"count":2,"href":"https:\/\/listagil.is\/index.php?rest_route=\/wp\/v2\/posts\/1807\/revisions"}],"predecessor-version":[{"id":1810,"href":"https:\/\/listagil.is\/index.php?rest_route=\/wp\/v2\/posts\/1807\/revisions\/1810"}],"wp:featuredmedia":[{"embeddable":true,"href":"https:\/\/listagil.is\/index.php?rest_route=\/wp\/v2\/media\/1803"}],"wp:attachment":[{"href":"https:\/\/listagil.is\/index.php?rest_route=%2Fwp%2Fv2%2Fmedia&parent=1807"}],"wp:term":[{"taxonomy":"category","embeddable":true,"href":"https:\/\/listagil.is\/index.php?rest_route=%2Fwp%2Fv2%2Fcategories&post=1807"},{"taxonomy":"post_tag","embeddable":true,"href":"https:\/\/listagil.is\/index.php?rest_route=%2Fwp%2Fv2%2Ftags&post=1807"}],"curies":[{"name":"wp","href":"https:\/\/api.w.org\/{rel}","templated":true}]}}