{"id":1648,"date":"2019-01-28T10:25:15","date_gmt":"2019-01-28T10:25:15","guid":{"rendered":"http:\/\/listagil.is\/?p=1648"},"modified":"2019-01-28T10:29:09","modified_gmt":"2019-01-28T10:29:09","slug":"einthrykk-i-deiglunni","status":"publish","type":"post","link":"https:\/\/listagil.is\/?p=1648","title":{"rendered":"Ein\u00ferykk \u00ed Deiglunni"},"content":{"rendered":"<p><img loading=\"lazy\" decoding=\"async\" class=\"aligncenter size-medium wp-image-1649\" src=\"http:\/\/listagil.is\/wp-content\/uploads\/2019\/01\/49837056_10215851206866282_1244349160631566336_n-800x625.jpg\" alt=\"\" width=\"800\" height=\"625\" srcset=\"https:\/\/listagil.is\/wp-content\/uploads\/2019\/01\/49837056_10215851206866282_1244349160631566336_n.jpg 800w, https:\/\/listagil.is\/wp-content\/uploads\/2019\/01\/49837056_10215851206866282_1244349160631566336_n-768x600.jpg 768w\" sizes=\"auto, (max-width: 800px) 100vw, 800px\" \/><\/p>\n<p>Opi\u00f0 h\u00fas<\/p>\n<p>\u00c1 Gildegi, 9. febr\u00faar, stendur Gilf\u00e9lagi\u00f0 fyrir opnu h\u00fasi \u00ed Deiglunni kl. 14-17.<br \/>\n\u00d6llum er velkomi\u00f0 a\u00f0 gera sitt eigi\u00f0 \u00ferykk og kunn\u00e1ttuf\u00f3lk ver\u00f0ur \u00e1 sta\u00f0num til a\u00f0sto\u00f0ar. Efni og \u00fe\u00e1tttaka ver\u00f0ur \u00f3keypis<\/p>\n","protected":false},"excerpt":{"rendered":"<p>Opi\u00f0 h\u00fas \u00c1 Gildegi, 9. febr\u00faar, stendur Gilf\u00e9lagi\u00f0 fyrir opnu h\u00fasi \u00ed Deiglunni kl. 14-17. \u00d6llum er velkomi\u00f0 a\u00f0 gera sitt eigi\u00f0 \u00ferykk og kunn\u00e1ttuf\u00f3lk ver\u00f0ur \u00e1 sta\u00f0num til a\u00f0sto\u00f0ar. Efni og \u00fe\u00e1tttaka ver\u00f0ur \u00f3keypis<\/p>\n","protected":false},"author":3,"featured_media":1649,"comment_status":"closed","ping_status":"closed","sticky":false,"template":"","format":"standard","meta":{"_exactmetrics_skip_tracking":false,"_exactmetrics_sitenote_active":false,"_exactmetrics_sitenote_note":"","_exactmetrics_sitenote_category":0,"footnotes":""},"categories":[4],"tags":[],"class_list":["post-1648","post","type-post","status-publish","format-standard","has-post-thumbnail","hentry","category-frettir"],"_links":{"self":[{"href":"https:\/\/listagil.is\/index.php?rest_route=\/wp\/v2\/posts\/1648","targetHints":{"allow":["GET"]}}],"collection":[{"href":"https:\/\/listagil.is\/index.php?rest_route=\/wp\/v2\/posts"}],"about":[{"href":"https:\/\/listagil.is\/index.php?rest_route=\/wp\/v2\/types\/post"}],"author":[{"embeddable":true,"href":"https:\/\/listagil.is\/index.php?rest_route=\/wp\/v2\/users\/3"}],"replies":[{"embeddable":true,"href":"https:\/\/listagil.is\/index.php?rest_route=%2Fwp%2Fv2%2Fcomments&post=1648"}],"version-history":[{"count":3,"href":"https:\/\/listagil.is\/index.php?rest_route=\/wp\/v2\/posts\/1648\/revisions"}],"predecessor-version":[{"id":1652,"href":"https:\/\/listagil.is\/index.php?rest_route=\/wp\/v2\/posts\/1648\/revisions\/1652"}],"wp:featuredmedia":[{"embeddable":true,"href":"https:\/\/listagil.is\/index.php?rest_route=\/wp\/v2\/media\/1649"}],"wp:attachment":[{"href":"https:\/\/listagil.is\/index.php?rest_route=%2Fwp%2Fv2%2Fmedia&parent=1648"}],"wp:term":[{"taxonomy":"category","embeddable":true,"href":"https:\/\/listagil.is\/index.php?rest_route=%2Fwp%2Fv2%2Fcategories&post=1648"},{"taxonomy":"post_tag","embeddable":true,"href":"https:\/\/listagil.is\/index.php?rest_route=%2Fwp%2Fv2%2Ftags&post=1648"}],"curies":[{"name":"wp","href":"https:\/\/api.w.org\/{rel}","templated":true}]}}