{"id":1606,"date":"2018-12-04T12:00:24","date_gmt":"2018-12-04T12:00:24","guid":{"rendered":"http:\/\/listagil.is\/?p=1606"},"modified":"2018-12-06T12:11:18","modified_gmt":"2018-12-06T12:11:18","slug":"lista-og-handverksmessa-gilfelagsins-7-8-desember","status":"publish","type":"post","link":"https:\/\/listagil.is\/?p=1606","title":{"rendered":"Lista- og handverksmessa Gilf\u00e9lagsins 7. &#8211; 8. desember"},"content":{"rendered":"<p>Lista- og handverksmessa Gilf\u00e9lagsins ver\u00f0ur haldin \u00ed Deiglunni f\u00f6studaginn 7. desember kl. 20 &#8211; 22 og laugardaginn 8. desember kl. 13 &#8211; 17.<\/p>\n<p>Um er a\u00f0 r\u00e6\u00f0a marka\u00f0 lista- og handverksf\u00f3lks og \u00fear mun kenna \u00fdmissa grasa, myndlist, handverk \u00fdmiss konar, text\u00edll, t\u00f3nlist , lj\u00f3\u00f0, b\u00e6kur og lj\u00f3smyndir.<br \/>\nUpplagt a\u00f0 koma og versla eitthva\u00f0 sni\u00f0ugt \u00ed j\u00f3lapakkann e\u00f0a til a\u00f0 gle\u00f0ja \u00ed skammdeginu.<\/p>\n<p>\u00de\u00e1tttakendur eru:<br \/>\nKarl Gu\u00f0mundsson<br \/>\nFanney Kristj\u00e1ns Snj\u00f3laugard\u00f3ttir<br \/>\nFj\u00f3la Bj\u00f6rk \/ Lukonge<br \/>\nOktav\u00eda H. \u00d3lafsd\u00f3ttir<br \/>\nGu\u00f0r\u00fan Hadda<br \/>\nJ\u00f3na Bergdal<br \/>\nGu\u00f0mundur \u00c1rmann Sigurj\u00f3nsson<br \/>\nRagnar H\u00f3lm<br \/>\nJ\u00f3nas\u00edna Arnbj\u00f6rnsd\u00f3ttir<br \/>\nHr\u00f6nn Einarsd\u00f3ttir<br \/>\nHildur Marin\u00f3sd\u00f3ttir \/ HM Handverk<br \/>\nGu\u00f0r\u00fan P\u00e1l\u00edna Gu\u00f0mundsd\u00f3ttir<br \/>\nHilma Ei\u00f0sd\u00f3ttir Bakken<br \/>\nBirna Fri\u00f0riksd\u00f3ttir \/ Gj\u00f3ska<br \/>\nTriin Kukk<br \/>\nSigur\u00f0ur Mar Halld\u00f3rsson<br \/>\nJ\u00f3hann Thorarensen<br \/>\nKarl J\u00f3nas Thorarensen<br \/>\nAnita Karin Guttesen<\/p>\n<p>Heitt kak\u00f3 og pipark\u00f6kur.<\/p>\n<p><img loading=\"lazy\" decoding=\"async\" class=\"aligncenter size-medium wp-image-1607\" src=\"http:\/\/listagil.is\/wp-content\/uploads\/2018\/12\/messa8des-566x800.jpg\" alt=\"\" width=\"566\" height=\"800\" srcset=\"https:\/\/listagil.is\/wp-content\/uploads\/2018\/12\/messa8des-566x800.jpg 566w, https:\/\/listagil.is\/wp-content\/uploads\/2018\/12\/messa8des-768x1086.jpg 768w, https:\/\/listagil.is\/wp-content\/uploads\/2018\/12\/messa8des-724x1024.jpg 724w\" sizes=\"auto, (max-width: 566px) 100vw, 566px\" \/><\/p>\n<p>&nbsp;<\/p>\n","protected":false},"excerpt":{"rendered":"<p>Lista- og handverksmessa Gilf\u00e9lagsins ver\u00f0ur haldin \u00ed Deiglunni f\u00f6studaginn 7. desember kl. 20 &#8211; 22 og laugardaginn 8. desember kl. 13 &#8211; 17. Um er a\u00f0 r\u00e6\u00f0a marka\u00f0 lista- og handverksf\u00f3lks og \u00fear mun kenna \u00fdmissa grasa, myndlist,&#46;&#46;&#46;<\/p>\n","protected":false},"author":3,"featured_media":1608,"comment_status":"closed","ping_status":"closed","sticky":false,"template":"","format":"standard","meta":{"_exactmetrics_skip_tracking":false,"_exactmetrics_sitenote_active":false,"_exactmetrics_sitenote_note":"","_exactmetrics_sitenote_category":0,"footnotes":""},"categories":[4],"tags":[],"class_list":["post-1606","post","type-post","status-publish","format-standard","has-post-thumbnail","hentry","category-frettir"],"_links":{"self":[{"href":"https:\/\/listagil.is\/index.php?rest_route=\/wp\/v2\/posts\/1606","targetHints":{"allow":["GET"]}}],"collection":[{"href":"https:\/\/listagil.is\/index.php?rest_route=\/wp\/v2\/posts"}],"about":[{"href":"https:\/\/listagil.is\/index.php?rest_route=\/wp\/v2\/types\/post"}],"author":[{"embeddable":true,"href":"https:\/\/listagil.is\/index.php?rest_route=\/wp\/v2\/users\/3"}],"replies":[{"embeddable":true,"href":"https:\/\/listagil.is\/index.php?rest_route=%2Fwp%2Fv2%2Fcomments&post=1606"}],"version-history":[{"count":2,"href":"https:\/\/listagil.is\/index.php?rest_route=\/wp\/v2\/posts\/1606\/revisions"}],"predecessor-version":[{"id":1610,"href":"https:\/\/listagil.is\/index.php?rest_route=\/wp\/v2\/posts\/1606\/revisions\/1610"}],"wp:featuredmedia":[{"embeddable":true,"href":"https:\/\/listagil.is\/index.php?rest_route=\/wp\/v2\/media\/1608"}],"wp:attachment":[{"href":"https:\/\/listagil.is\/index.php?rest_route=%2Fwp%2Fv2%2Fmedia&parent=1606"}],"wp:term":[{"taxonomy":"category","embeddable":true,"href":"https:\/\/listagil.is\/index.php?rest_route=%2Fwp%2Fv2%2Fcategories&post=1606"},{"taxonomy":"post_tag","embeddable":true,"href":"https:\/\/listagil.is\/index.php?rest_route=%2Fwp%2Fv2%2Ftags&post=1606"}],"curies":[{"name":"wp","href":"https:\/\/api.w.org\/{rel}","templated":true}]}}