{"id":1561,"date":"2018-11-09T15:44:07","date_gmt":"2018-11-09T15:44:07","guid":{"rendered":"http:\/\/listagil.is\/?p=1561"},"modified":"2018-11-12T13:30:37","modified_gmt":"2018-11-12T13:30:37","slug":"gilfelagid-auglysir-eftir-thatttoku-i-list-og-handverksmessu","status":"publish","type":"post","link":"https:\/\/listagil.is\/?p=1561","title":{"rendered":"Gilf\u00e9lagi\u00f0 augl\u00fdsir eftir \u00fe\u00e1ttt\u00f6ku \u00ed List- og handverksmessu"},"content":{"rendered":"<h3 align=\"CENTER\"><img loading=\"lazy\" decoding=\"async\" class=\"aligncenter size-medium wp-image-1562\" src=\"http:\/\/listagil.is\/wp-content\/uploads\/2018\/11\/24174576_1742080372509263_848697097101299840_n-600x800.jpg\" alt=\"\" width=\"600\" height=\"800\" \/><\/h3>\n<h3 align=\"CENTER\"><span style=\"font-size: large;\">Gilf\u00e9lagi\u00f0 augl\u00fdsir eftir \u00fe\u00e1ttt\u00f6ku lista- og handverksf\u00f3lki <\/span><span style=\"font-size: large;\">\u00ed <\/span><span style=\"font-size: large;\"><i>List- og handverksmessu<\/i><\/span><span style=\"font-size: large;\"> f\u00e9lagsins<\/span><\/h3>\n<h3 align=\"CENTER\"><span style=\"font-size: large;\">1. og 8. desember 2018<\/span><\/h3>\n<p>N\u00fa er a\u00f0 hefjast \u00e1rlegur vi\u00f0bur\u00f0ur Gilf\u00e9lagsins og \u00fe\u00e1 er t\u00e6kif\u00e6ri fyrir listamenn og handverksf\u00f3lk a\u00f0 koma list sinni og handverki \u00e1 framf\u00e6ri \u00ed h\u00fasn\u00e6\u00f0i okkar Deiglunni \u00ed Listagili \u00e1 Akureyri laugardagana 1. og 8. desember kl. 13 &#8211; 17. 8. des. er Gildagur<\/p>\n<p>18 bor\u00f0 eru \u00ed bo\u00f0i og hvert bor\u00f0 kostar 2.500 kr. fyrir f\u00e9lagsmenn og 3.500 fyrir a\u00f0ra.<\/p>\n<p>Skr\u00e1ningarfrestur er fyrir 24. n\u00f3v. fyrir fyrsta desember, en 30. n\u00f3v. fyrir seinni daginn 8. desember.<\/p>\n<p>H\u00e6gt er a\u00f0 skr\u00e1 sig me\u00f0 t\u00f6lvup\u00f3sti \u00e1 netfangi\u00f0, gilfelag@listagil.is<\/p>\n<p>Frekari uppl\u00fdsingar veitir forma\u00f0ur Gilf\u00e9lagsins Gu\u00f0m. \u00c1rmann \u00ed s\u00edma 864-0086<\/p>\n<p><span style=\"font-size: small;\">\u00a0<\/span><\/p>\n<p><span style=\"font-size: small;\">Stj\u00f3rn Gilf\u00e9lagsins<\/span><\/p>\n","protected":false},"excerpt":{"rendered":"<p>Gilf\u00e9lagi\u00f0 augl\u00fdsir eftir \u00fe\u00e1ttt\u00f6ku lista- og handverksf\u00f3lki \u00ed List- og handverksmessu f\u00e9lagsins 1. og 8. desember 2018 N\u00fa er a\u00f0 hefjast \u00e1rlegur vi\u00f0bur\u00f0ur Gilf\u00e9lagsins og \u00fe\u00e1 er t\u00e6kif\u00e6ri fyrir listamenn og handverksf\u00f3lk a\u00f0 koma list sinni og handverki&#46;&#46;&#46;<\/p>\n","protected":false},"author":3,"featured_media":1563,"comment_status":"closed","ping_status":"closed","sticky":false,"template":"","format":"standard","meta":{"_exactmetrics_skip_tracking":false,"_exactmetrics_sitenote_active":false,"_exactmetrics_sitenote_note":"","_exactmetrics_sitenote_category":0,"footnotes":""},"categories":[4],"tags":[],"class_list":["post-1561","post","type-post","status-publish","format-standard","has-post-thumbnail","hentry","category-frettir"],"_links":{"self":[{"href":"https:\/\/listagil.is\/index.php?rest_route=\/wp\/v2\/posts\/1561","targetHints":{"allow":["GET"]}}],"collection":[{"href":"https:\/\/listagil.is\/index.php?rest_route=\/wp\/v2\/posts"}],"about":[{"href":"https:\/\/listagil.is\/index.php?rest_route=\/wp\/v2\/types\/post"}],"author":[{"embeddable":true,"href":"https:\/\/listagil.is\/index.php?rest_route=\/wp\/v2\/users\/3"}],"replies":[{"embeddable":true,"href":"https:\/\/listagil.is\/index.php?rest_route=%2Fwp%2Fv2%2Fcomments&post=1561"}],"version-history":[{"count":3,"href":"https:\/\/listagil.is\/index.php?rest_route=\/wp\/v2\/posts\/1561\/revisions"}],"predecessor-version":[{"id":1566,"href":"https:\/\/listagil.is\/index.php?rest_route=\/wp\/v2\/posts\/1561\/revisions\/1566"}],"wp:featuredmedia":[{"embeddable":true,"href":"https:\/\/listagil.is\/index.php?rest_route=\/wp\/v2\/media\/1563"}],"wp:attachment":[{"href":"https:\/\/listagil.is\/index.php?rest_route=%2Fwp%2Fv2%2Fmedia&parent=1561"}],"wp:term":[{"taxonomy":"category","embeddable":true,"href":"https:\/\/listagil.is\/index.php?rest_route=%2Fwp%2Fv2%2Fcategories&post=1561"},{"taxonomy":"post_tag","embeddable":true,"href":"https:\/\/listagil.is\/index.php?rest_route=%2Fwp%2Fv2%2Ftags&post=1561"}],"curies":[{"name":"wp","href":"https:\/\/api.w.org\/{rel}","templated":true}]}}