{"id":1455,"date":"2018-09-09T18:34:32","date_gmt":"2018-09-09T18:34:32","guid":{"rendered":"http:\/\/listagil.is\/?p=1455"},"modified":"2018-09-09T18:34:32","modified_gmt":"2018-09-09T18:34:32","slug":"lifskraftur-myndlistasyning","status":"publish","type":"post","link":"https:\/\/listagil.is\/?p=1455","title":{"rendered":"L\u00edfskraftur &#8211; Myndlistas\u00fdning"},"content":{"rendered":"<p><img loading=\"lazy\" decoding=\"async\" class=\"aligncenter size-large wp-image-1457\" src=\"http:\/\/listagil.is\/wp-content\/uploads\/2018\/09\/augl\u00fdsing-1-724x1024.jpg\" alt=\"\" width=\"724\" height=\"1024\" srcset=\"https:\/\/listagil.is\/wp-content\/uploads\/2018\/09\/augl\u00fdsing-1-724x1024.jpg 724w, https:\/\/listagil.is\/wp-content\/uploads\/2018\/09\/augl\u00fdsing-1-566x800.jpg 566w, https:\/\/listagil.is\/wp-content\/uploads\/2018\/09\/augl\u00fdsing-1-768x1086.jpg 768w, https:\/\/listagil.is\/wp-content\/uploads\/2018\/09\/augl\u00fdsing-1.jpg 1654w\" sizes=\"auto, (max-width: 724px) 100vw, 724px\" \/><\/p>\n<p>Tr\u00f6nurnar bj\u00f3\u00f0a ykkur \u00e1 s\u00edna fyrstu sams\u00fdningu \u00ed Deiglunni laugardaginn 15. september og sunnudaginn 16. september. Opi\u00f0 b\u00e1\u00f0a dagana fr\u00e1 12:00 \u201417:00<\/p>\n<p>A\u00f0albj\u00f6rg G. \u00c1rnad\u00f3ttir<br \/>\n\u00c1rd\u00eds Gu\u00f0borg A\u00f0alsteinsd\u00f3ttir<br \/>\nD\u00faa Stef\u00e1nsd\u00f3ttir<br \/>\nEyger\u00f0ur Bj\u00f6rg \u00deorvaldsd\u00f3ttir<br \/>\nHelga Arnhei\u00f0ur Erlingsd\u00f3ttir<br \/>\nHulda Kristj\u00e1nsd\u00f3ttir<br \/>\nL\u00edsa Bj\u00f6rk Gunnarsd\u00f3ttir<br \/>\nMargr\u00e9t Erna Blomsterberg<br \/>\n\u00deorbj\u00f6rg J\u00f3nasd\u00f3ttir<\/p>\n<p>Myndlistarh\u00f3purinn ber nafni\u00f0 &#8220;Tr\u00f6nurnar&#8221; og samanstendur af konum \u00e1 brei\u00f0u aldursbili. \u00deegar s\u00e1lir koma saman og m\u00e1la skiptir\u00a0aldur\u00a0engu m\u00e1li.\u00a0 H\u00f3purinn l\u00e6r\u00f0i hj\u00e1 Brynd\u00edsi Arnard\u00f3ttur og Gu\u00f0mundi \u00c1rmanni Sigurj\u00f3nssyni, fyrst \u00ed n\u00e1mslei\u00f0inni &#8220;Listasmi\u00f0ja og m\u00e1lun&#8221; haust\u00f6nn 2016 og s\u00ed\u00f0an &#8220;Fr\u00e6\u00f0sla \u00ed formi og lit&#8221; vor og haust 2017, hj\u00e1 S\u00edmey.<br \/>\nVi\u00f0 h\u00f6fum haldi\u00f0 h\u00f3pinn s\u00ed\u00f0an vi\u00f0 \u00fatskrifu\u00f0umst og m\u00e1lum saman einu sinni \u00ed viku. \u00dev\u00ed mi\u00f0ur s\u00e1u s\u00e9r ekki allir me\u00f0limir h\u00f3psins f\u00e6rt a\u00f0 vera me\u00f0 a\u00f0 \u00feessu sinni.<\/p>\n<p>Vonum a\u00f0 \u00fei\u00f0 sj\u00e1i\u00f0 ykkur f\u00e6rt a\u00f0 koma og sko\u00f0a listaverkin okkar sem eru pers\u00f3nulegar hugmyndir um l\u00edfskraft.<\/p>\n","protected":false},"excerpt":{"rendered":"<p>Tr\u00f6nurnar bj\u00f3\u00f0a ykkur \u00e1 s\u00edna fyrstu sams\u00fdningu \u00ed Deiglunni laugardaginn 15. september og sunnudaginn 16. september. Opi\u00f0 b\u00e1\u00f0a dagana fr\u00e1 12:00 \u201417:00 A\u00f0albj\u00f6rg G. \u00c1rnad\u00f3ttir \u00c1rd\u00eds Gu\u00f0borg A\u00f0alsteinsd\u00f3ttir D\u00faa Stef\u00e1nsd\u00f3ttir Eyger\u00f0ur Bj\u00f6rg \u00deorvaldsd\u00f3ttir Helga Arnhei\u00f0ur Erlingsd\u00f3ttir Hulda Kristj\u00e1nsd\u00f3ttir&#46;&#46;&#46;<\/p>\n","protected":false},"author":3,"featured_media":1458,"comment_status":"closed","ping_status":"closed","sticky":false,"template":"","format":"standard","meta":{"_exactmetrics_skip_tracking":false,"_exactmetrics_sitenote_active":false,"_exactmetrics_sitenote_note":"","_exactmetrics_sitenote_category":0,"footnotes":""},"categories":[4],"tags":[],"class_list":["post-1455","post","type-post","status-publish","format-standard","has-post-thumbnail","hentry","category-frettir"],"_links":{"self":[{"href":"https:\/\/listagil.is\/index.php?rest_route=\/wp\/v2\/posts\/1455","targetHints":{"allow":["GET"]}}],"collection":[{"href":"https:\/\/listagil.is\/index.php?rest_route=\/wp\/v2\/posts"}],"about":[{"href":"https:\/\/listagil.is\/index.php?rest_route=\/wp\/v2\/types\/post"}],"author":[{"embeddable":true,"href":"https:\/\/listagil.is\/index.php?rest_route=\/wp\/v2\/users\/3"}],"replies":[{"embeddable":true,"href":"https:\/\/listagil.is\/index.php?rest_route=%2Fwp%2Fv2%2Fcomments&post=1455"}],"version-history":[{"count":2,"href":"https:\/\/listagil.is\/index.php?rest_route=\/wp\/v2\/posts\/1455\/revisions"}],"predecessor-version":[{"id":1460,"href":"https:\/\/listagil.is\/index.php?rest_route=\/wp\/v2\/posts\/1455\/revisions\/1460"}],"wp:featuredmedia":[{"embeddable":true,"href":"https:\/\/listagil.is\/index.php?rest_route=\/wp\/v2\/media\/1458"}],"wp:attachment":[{"href":"https:\/\/listagil.is\/index.php?rest_route=%2Fwp%2Fv2%2Fmedia&parent=1455"}],"wp:term":[{"taxonomy":"category","embeddable":true,"href":"https:\/\/listagil.is\/index.php?rest_route=%2Fwp%2Fv2%2Fcategories&post=1455"},{"taxonomy":"post_tag","embeddable":true,"href":"https:\/\/listagil.is\/index.php?rest_route=%2Fwp%2Fv2%2Ftags&post=1455"}],"curies":[{"name":"wp","href":"https:\/\/api.w.org\/{rel}","templated":true}]}}