{"id":1438,"date":"2018-08-16T10:34:49","date_gmt":"2018-08-16T10:34:49","guid":{"rendered":"http:\/\/listagil.is\/?p=1438"},"modified":"2018-08-22T10:36:22","modified_gmt":"2018-08-22T10:36:22","slug":"yfirlysing-vegna-kaupvangsstraetis-16","status":"publish","type":"post","link":"https:\/\/listagil.is\/?p=1438","title":{"rendered":"Yfirl\u00fdsing vegna Kaupvangsstr\u00e6tis 16"},"content":{"rendered":"<p>Eftirfarandi er sameiginleg \u00e1lyktun stj\u00f3rna Gilf\u00e9lagsins og Myndlistarf\u00e9lagsins sem sam\u00feykkt var \u00e1 fundi fyrir sk\u00f6mmu \u00fear sem til umr\u00e6\u00f0u var \u00f3\u00e1n\u00e6gja f\u00e9laganna me\u00f0 breytingar \u00e1 starfsemi \u00ed h\u00fasn\u00e6\u00f0i sem h\u00fdst hefur Myndlistask\u00f3lann \u00e1 Akureyri til fj\u00f6lda \u00e1ra.<\/p>\n<p>Stj\u00f3rnir Gilf\u00e9lagsins og Myndlistarf\u00e9lagsins l\u00fdsa yfir \u00e1hyggjum af \u00fev\u00ed a\u00f0 hluti h\u00fasn\u00e6\u00f0isins Kaupvangsstr\u00e6ti 16, sem h\u00fdst hefur Myndlistask\u00f3lann \u00e1 Akureyri, ver\u00f0i n\u00fa lag\u00f0ur undir gististarfsemi. \u00dea\u00f0 teljum vi\u00f0 ekki vera \u00ed samr\u00e6mi vi\u00f0 markmi\u00f0 n\u00fd sam\u00feykkts A\u00f0alskipulags Akureyrar \u00fear sem segir: \u201e\u00cd Gr\u00f3fargili (Listagili) ver\u00f0ur l\u00f6g\u00f0 \u00e1hersla \u00e1 menningar- og listatengda starfsemi\u201c.<\/p>\n<p>Upphaf listatengdrar starfsemi \u00e1 sv\u00e6\u00f0inu m\u00e1 rekja til frams\u00fdnna \u00e1kvar\u00f0ana \u00ed kringum 1990 og \u00e1 s\u00ed\u00f0ustu misserum hefur veri\u00f0 stutt vel vi\u00f0 \u00fe\u00e1 stefnu me\u00f0 uppbyggingu og endurb\u00f3tum \u00e1 Listasafninu. \u00dea\u00f0 er von okkar a\u00f0 \u00fe\u00e6r framkv\u00e6mdir ver\u00f0i til enn frekari eflingar \u00ed listal\u00edfi b\u00e6jarins en hafa \u00fearf \u00ed huga a\u00f0 sj\u00e1lf listsk\u00f6punin er undirsta\u00f0a safna og s\u00fdninga. \u00dea\u00f0 er von okkar a\u00f0 listn\u00e1m \u00e1 sv\u00e6\u00f0inu \u00fer\u00f3ist og eflist enda mun sk\u00f6pun, menning og listir skipa vaxandi sess \u00ed samf\u00e9laginu eftir \u00fev\u00ed sem lengra inn \u00ed fj\u00f3r\u00f0u i\u00f0nbyltinguna l\u00ed\u00f0ur. Vi\u00f0 viljum \u00fev\u00ed skora \u00e1 b\u00e6jaryfirv\u00f6ld a\u00f0 fylgja fast eftir fyrrnefndum markmi\u00f0um, standa v\u00f6r\u00f0 um menningar- og listatengda starfsemi og g\u00e6ta \u00feannig hagsmuna samf\u00e9lagsins til framt\u00ed\u00f0ar.<\/p>\n<p>Stj\u00f3rn Gilf\u00e9lagsins<br \/>\nStj\u00f3rn Myndlistarf\u00e9lagsins<\/p>\n","protected":false},"excerpt":{"rendered":"<p>Eftirfarandi er sameiginleg \u00e1lyktun stj\u00f3rna Gilf\u00e9lagsins og Myndlistarf\u00e9lagsins sem sam\u00feykkt var \u00e1 fundi fyrir sk\u00f6mmu \u00fear sem til umr\u00e6\u00f0u var \u00f3\u00e1n\u00e6gja f\u00e9laganna me\u00f0 breytingar \u00e1 starfsemi \u00ed h\u00fasn\u00e6\u00f0i sem h\u00fdst hefur Myndlistask\u00f3lann \u00e1 Akureyri til fj\u00f6lda \u00e1ra. Stj\u00f3rnir&#46;&#46;&#46;<\/p>\n","protected":false},"author":3,"featured_media":1054,"comment_status":"closed","ping_status":"closed","sticky":false,"template":"","format":"standard","meta":{"_exactmetrics_skip_tracking":false,"_exactmetrics_sitenote_active":false,"_exactmetrics_sitenote_note":"","_exactmetrics_sitenote_category":0,"footnotes":""},"categories":[4,71],"tags":[],"class_list":["post-1438","post","type-post","status-publish","format-standard","has-post-thumbnail","hentry","category-frettir","category-fundargerdir"],"_links":{"self":[{"href":"https:\/\/listagil.is\/index.php?rest_route=\/wp\/v2\/posts\/1438","targetHints":{"allow":["GET"]}}],"collection":[{"href":"https:\/\/listagil.is\/index.php?rest_route=\/wp\/v2\/posts"}],"about":[{"href":"https:\/\/listagil.is\/index.php?rest_route=\/wp\/v2\/types\/post"}],"author":[{"embeddable":true,"href":"https:\/\/listagil.is\/index.php?rest_route=\/wp\/v2\/users\/3"}],"replies":[{"embeddable":true,"href":"https:\/\/listagil.is\/index.php?rest_route=%2Fwp%2Fv2%2Fcomments&post=1438"}],"version-history":[{"count":1,"href":"https:\/\/listagil.is\/index.php?rest_route=\/wp\/v2\/posts\/1438\/revisions"}],"predecessor-version":[{"id":1439,"href":"https:\/\/listagil.is\/index.php?rest_route=\/wp\/v2\/posts\/1438\/revisions\/1439"}],"wp:featuredmedia":[{"embeddable":true,"href":"https:\/\/listagil.is\/index.php?rest_route=\/wp\/v2\/media\/1054"}],"wp:attachment":[{"href":"https:\/\/listagil.is\/index.php?rest_route=%2Fwp%2Fv2%2Fmedia&parent=1438"}],"wp:term":[{"taxonomy":"category","embeddable":true,"href":"https:\/\/listagil.is\/index.php?rest_route=%2Fwp%2Fv2%2Fcategories&post=1438"},{"taxonomy":"post_tag","embeddable":true,"href":"https:\/\/listagil.is\/index.php?rest_route=%2Fwp%2Fv2%2Ftags&post=1438"}],"curies":[{"name":"wp","href":"https:\/\/api.w.org\/{rel}","templated":true}]}}