{"id":1423,"date":"2018-08-20T11:58:57","date_gmt":"2018-08-20T11:58:57","guid":{"rendered":"http:\/\/listagil.is\/?p=1423"},"modified":"2018-08-20T12:09:12","modified_gmt":"2018-08-20T12:09:12","slug":"akureyri-med-augum-salman-ezzamoury","status":"publish","type":"post","link":"https:\/\/listagil.is\/?p=1423","title":{"rendered":"Akureyri me\u00f0 augum Salman Ezzammoury"},"content":{"rendered":"<p><img loading=\"lazy\" decoding=\"async\" class=\"aligncenter size-full wp-image-1424\" src=\"http:\/\/listagil.is\/wp-content\/uploads\/2018\/08\/38406520_10155868791241219_2407520497316134912_n.jpg\" alt=\"\" width=\"709\" height=\"531\" srcset=\"https:\/\/listagil.is\/wp-content\/uploads\/2018\/08\/38406520_10155868791241219_2407520497316134912_n.jpg 709w, https:\/\/listagil.is\/wp-content\/uploads\/2018\/08\/38406520_10155868791241219_2407520497316134912_n-300x225.jpg 300w\" sizes=\"auto, (max-width: 709px) 100vw, 709px\" \/><\/p>\n<p>Akureyri me\u00f0 augum Salman Ezzammoury<\/p>\n<p>Veri\u00f0 velkomin \u00e1 opnun myndlistars\u00fdningu gestalistamanns Gilf\u00e9lagsins, &#8220;<em>Akureyri me\u00f0 augum Salman Ezzammoury<\/em>&#8221; laugardaginn 25. \u00e1g\u00fast kl. 14.\u00a0Salman Ezzammoury, gestalistama\u00f0ur Gilf\u00e9lagsins \u00ed \u00e1g\u00fast s\u00fdnir h\u00e9r n\u00fd verk unnin \u00e1 \u00cdslandi innbl\u00e1sin af l\u00edfi og landslagi Akureyrar. L\u00e9ttar veitingar \u00ed bo\u00f0i og listama\u00f0urinn ver\u00f0ur \u00e1 sta\u00f0num.<\/p>\n<p>Salman Ezzammoury er f\u00e6ddur \u00ed Tetouan, Nor\u00f0ur Mar\u00f3kk\u00f3 1959 en flutti ungur til Hollands. N\u00e1m hans \u00ed lj\u00f3smyndun vi\u00f0 College of Applied Photography \u00ed Apeldoorn og graf\u00edskri t\u00e6kni \u00ed Sivako \u00ed Utrecht g\u00e1fu honum g\u00f3\u00f0an t\u00e6knilegan grunn fyrir verk hans n\u00fa til dags. Hann blandar saman m\u00e1lun og lj\u00f3smyndum sem gefur verkunum \u00f3hlutbundi\u00f0, dul\u00fa\u00f0legt yfirbrag\u00f0 en\u00a0 fyrir Salman er mikilv\u00e6gt a\u00f0 tj\u00e1 tilfinningar s\u00ednar, ofar \u00f6llu vill hann s\u00fdna upplifun s\u00edna \u00e1 augnabliki, \u00e1standi e\u00f0a a\u00f0st\u00e6\u00f0um. Lj\u00f3smyndir hans hafa lj\u00f3\u00f0r\u00e6na eiginleika og eins og me\u00f0 lj\u00f3\u00f0i\u00f0 getur \u00fea\u00f0 aldrei veri\u00f0 fullkomlega skili\u00f0, heldur hefur \u00f3lj\u00f3sa, leyndard\u00f3msfulla \u00e1ru.<\/p>\n<p>Opnunart\u00edmi: 25. &#8211; 26. \u00c1g\u00fast kl. 14 &#8211; 20 \u00ed Deiglunni, Kaupvangsstr\u00e6ti 23.<\/p>\n<p>\/\/<\/p>\n<p>Please join us for Gil artist in residence exhibition opening, &#8220;<em>Akureyri through the eyes of Salman Ezzamoury<\/em>&#8221; on Saturday, August 25th hr. 14. Salman Ezzammoury is Gil artist in residence for the month of August and will show new works created in the past few weeks. Light refreshments and the artist will be present.<\/p>\n<p>Salman\u00a0Ezzammoury, born in Tetouan, North Morocco, 1959, moved to the Netherlands at a young age. His studies in Photography at the College of Applied Photography in Apeldoorn and Graphic Techniques at Sivako in Utrecht provided a solid technical basis for his current work. He combines painting and photography which gives his work a semi-abstract quality.<\/p>\n<p>Expressing his emotions is important to\u00a0Salman\u00a0Ezzammoury. Above all he wants to make clear his feelings when\u00a0 experiencing a moment, a situation or a place and as a result his photography has a poetic quality and as with poetry can never be completely grasped, but remains elusive, with a mystic quality.<\/p>\n<p>The exhibition is open on August 25 &#8211; 26th hr. 14 &#8211; 20 both days. Deiglan, Kaupvangsstr\u00e6ti 23, Akureyri.<\/p>\n","protected":false},"excerpt":{"rendered":"<p>Akureyri me\u00f0 augum Salman Ezzammoury Veri\u00f0 velkomin \u00e1 opnun myndlistars\u00fdningu gestalistamanns Gilf\u00e9lagsins, &#8220;Akureyri me\u00f0 augum Salman Ezzammoury&#8221; laugardaginn 25. \u00e1g\u00fast kl. 14.\u00a0Salman Ezzammoury, gestalistama\u00f0ur Gilf\u00e9lagsins \u00ed \u00e1g\u00fast s\u00fdnir h\u00e9r n\u00fd verk unnin \u00e1 \u00cdslandi innbl\u00e1sin af l\u00edfi og&#46;&#46;&#46;<\/p>\n","protected":false},"author":3,"featured_media":1424,"comment_status":"closed","ping_status":"closed","sticky":false,"template":"","format":"standard","meta":{"_exactmetrics_skip_tracking":false,"_exactmetrics_sitenote_active":false,"_exactmetrics_sitenote_note":"","_exactmetrics_sitenote_category":0,"footnotes":""},"categories":[4],"tags":[],"class_list":["post-1423","post","type-post","status-publish","format-standard","has-post-thumbnail","hentry","category-frettir"],"_links":{"self":[{"href":"https:\/\/listagil.is\/index.php?rest_route=\/wp\/v2\/posts\/1423","targetHints":{"allow":["GET"]}}],"collection":[{"href":"https:\/\/listagil.is\/index.php?rest_route=\/wp\/v2\/posts"}],"about":[{"href":"https:\/\/listagil.is\/index.php?rest_route=\/wp\/v2\/types\/post"}],"author":[{"embeddable":true,"href":"https:\/\/listagil.is\/index.php?rest_route=\/wp\/v2\/users\/3"}],"replies":[{"embeddable":true,"href":"https:\/\/listagil.is\/index.php?rest_route=%2Fwp%2Fv2%2Fcomments&post=1423"}],"version-history":[{"count":5,"href":"https:\/\/listagil.is\/index.php?rest_route=\/wp\/v2\/posts\/1423\/revisions"}],"predecessor-version":[{"id":1434,"href":"https:\/\/listagil.is\/index.php?rest_route=\/wp\/v2\/posts\/1423\/revisions\/1434"}],"wp:featuredmedia":[{"embeddable":true,"href":"https:\/\/listagil.is\/index.php?rest_route=\/wp\/v2\/media\/1424"}],"wp:attachment":[{"href":"https:\/\/listagil.is\/index.php?rest_route=%2Fwp%2Fv2%2Fmedia&parent=1423"}],"wp:term":[{"taxonomy":"category","embeddable":true,"href":"https:\/\/listagil.is\/index.php?rest_route=%2Fwp%2Fv2%2Fcategories&post=1423"},{"taxonomy":"post_tag","embeddable":true,"href":"https:\/\/listagil.is\/index.php?rest_route=%2Fwp%2Fv2%2Ftags&post=1423"}],"curies":[{"name":"wp","href":"https:\/\/api.w.org\/{rel}","templated":true}]}}