{"id":1410,"date":"2018-08-13T09:41:31","date_gmt":"2018-08-13T09:41:31","guid":{"rendered":"http:\/\/listagil.is\/?p=1410"},"modified":"2018-08-13T09:42:40","modified_gmt":"2018-08-13T09:42:40","slug":"olik-rymi-different-spaces-salman-ezzamoury","status":"publish","type":"post","link":"https:\/\/listagil.is\/?p=1410","title":{"rendered":"\u00d3l\u00edk R\u00fdmi \/ Different Spaces &#8211; Salman Ezzamoury"},"content":{"rendered":"<p><img loading=\"lazy\" decoding=\"async\" class=\"aligncenter size-full wp-image-1407\" src=\"http:\/\/listagil.is\/wp-content\/uploads\/2018\/08\/Maker-Salman-Ezzammoury-Titel-Your-Own-.jpg\" alt=\"\" width=\"510\" height=\"510\" srcset=\"https:\/\/listagil.is\/wp-content\/uploads\/2018\/08\/Maker-Salman-Ezzammoury-Titel-Your-Own-.jpg 510w, https:\/\/listagil.is\/wp-content\/uploads\/2018\/08\/Maker-Salman-Ezzammoury-Titel-Your-Own--150x150.jpg 150w, https:\/\/listagil.is\/wp-content\/uploads\/2018\/08\/Maker-Salman-Ezzammoury-Titel-Your-Own--300x300.jpg 300w, https:\/\/listagil.is\/wp-content\/uploads\/2018\/08\/Maker-Salman-Ezzammoury-Titel-Your-Own--160x160.jpg 160w, https:\/\/listagil.is\/wp-content\/uploads\/2018\/08\/Maker-Salman-Ezzammoury-Titel-Your-Own--320x320.jpg 320w\" sizes=\"auto, (max-width: 510px) 100vw, 510px\" \/><\/p>\n<div>\n<p style=\"font-weight: 400;\">\u201cDifferent Spaces\u201d<br \/>\nOpening hours Saturday &#8211; Sunday 18. &#8211; 19. August\u00a0 hr.\u00a011 \u2013 20 \/ Opening reception Sat hr. 14<\/p>\n<p>Please join us for the opening of\u00a0<em>Different Spaces \/ \u00d3l\u00edk R\u00fdmi<\/em>, an exhibition by Salman Ezzamoury in Deiglan on Saturday, August 18th hr. 14.<\/p>\n<\/div>\n<div><span id=\"DWT134\" class=\"ZmSearchResult\">Salman<\/span>\u00a0Ezzammoury, born in Tetouan, North Morocco, 1959, moved to the Netherlands at a young age.<\/div>\n<div>His studies of Photography at the College of Applied Photography in Apeldoorn and Graphic Techniques at Sivako in Utrecht provided a solid technical basis for his current work. He combines painting and photography.<\/div>\n<div><\/div>\n<div>Expressing his emotions is important to\u00a0<span id=\"DWT136\" class=\"ZmSearchResult\">Salman<\/span>\u00a0Ezzammoury. Above all he wants to make clear his feelings of experiencing a moment, a situation or a place. That is why his photography have a poetic quality and as with poetry can never be completely grasped, but remains elusive, with a mystic quality.<\/div>\n<p><img loading=\"lazy\" decoding=\"async\" class=\"aligncenter size-large wp-image-1406\" src=\"http:\/\/listagil.is\/wp-content\/uploads\/2018\/08\/2018-Invitation-GILF\u00c9LAGI\u00d0i-Akureyri-SalmanEzzammoury-768x1024.jpg\" alt=\"\" width=\"768\" height=\"1024\" srcset=\"https:\/\/listagil.is\/wp-content\/uploads\/2018\/08\/2018-Invitation-GILF\u00c9LAGI\u00d0i-Akureyri-SalmanEzzammoury-768x1024.jpg 768w, https:\/\/listagil.is\/wp-content\/uploads\/2018\/08\/2018-Invitation-GILF\u00c9LAGI\u00d0i-Akureyri-SalmanEzzammoury-225x300.jpg 225w\" sizes=\"auto, (max-width: 768px) 100vw, 768px\" \/><\/p>\n<div><\/div>\n<div>\n<p><span style=\"font-weight: 400;\">\u00d3l\u00edk r\u00fdmi\/Different Spaces &#8211; Salman Ezzamoury<br \/>\n<\/span><span style=\"font-weight: 400;\">Opnunart\u00edmi: 18. &#8211; 19. \u00c1g\u00fast kl. 11 &#8211; 20 \/ Opnunarh\u00f3f kl. 14 \u00e1 laugardag<\/span><\/p>\n<p><span style=\"font-weight: 400;\">Salman Ezzamoury er f\u00e6ddur \u00ed Tetouan, Nor\u00f0ur Mar\u00f3kk\u00f3 1959 en flutti ungur til Hollands. N\u00e1m hans \u00ed lj\u00f3smyndun vi\u00f0 College of Applied Photography \u00ed Apeldoorn og graf\u00edskri t\u00e6kni \u00ed Sivako \u00ed Utrecht g\u00e1fu honum g\u00f3\u00f0an t\u00e6knilegan grunn fyrir verk hans n\u00fa til dags. Hann blandar saman m\u00e1lun og lj\u00f3smyndun. <\/span><\/p>\n<p><span style=\"font-weight: 400;\">Fyrir Salman er mikilv\u00e6gt a\u00f0 tj\u00e1 tilfinningar s\u00ednar, ofar \u00f6llu vill hann s\u00fdna upplifun s\u00edna \u00e1 augnabliki, \u00e1standi e\u00f0a a\u00f0st\u00e6\u00f0um.<br \/>\n<\/span><span style=\"font-weight: 400;\">Lj\u00f3smyndir hans hafa lj\u00f3\u00f0r\u00e6na eiginleika og eins og me\u00f0 lj\u00f3\u00f0i\u00f0 getur \u00fea\u00f0 aldrei veri\u00f0 fullkomlega skili\u00f0, heldur hefur \u00f3lj\u00f3sa, dul\u00fa\u00f0lega \u00e1ru.<\/span><\/p>\n<p>Allir eru hjartanlega velkomnir, listama\u00f0urinn ver\u00f0ur \u00e1 sta\u00f0num og kaffi og kru\u00f0er\u00ed \u00ed bo\u00f0i.<\/p>\n<\/div>\n","protected":false},"excerpt":{"rendered":"<p>\u201cDifferent Spaces\u201d Opening hours Saturday &#8211; Sunday 18. &#8211; 19. August\u00a0 hr.\u00a011 \u2013 20 \/ Opening reception Sat hr. 14 Please join us for the opening of\u00a0Different Spaces \/ \u00d3l\u00edk R\u00fdmi, an exhibition by Salman Ezzamoury in Deiglan&#46;&#46;&#46;<\/p>\n","protected":false},"author":3,"featured_media":1407,"comment_status":"closed","ping_status":"closed","sticky":false,"template":"","format":"standard","meta":{"_exactmetrics_skip_tracking":false,"_exactmetrics_sitenote_active":false,"_exactmetrics_sitenote_note":"","_exactmetrics_sitenote_category":0,"footnotes":""},"categories":[78],"tags":[],"class_list":["post-1410","post","type-post","status-publish","format-standard","has-post-thumbnail","hentry","category-events"],"_links":{"self":[{"href":"https:\/\/listagil.is\/index.php?rest_route=\/wp\/v2\/posts\/1410","targetHints":{"allow":["GET"]}}],"collection":[{"href":"https:\/\/listagil.is\/index.php?rest_route=\/wp\/v2\/posts"}],"about":[{"href":"https:\/\/listagil.is\/index.php?rest_route=\/wp\/v2\/types\/post"}],"author":[{"embeddable":true,"href":"https:\/\/listagil.is\/index.php?rest_route=\/wp\/v2\/users\/3"}],"replies":[{"embeddable":true,"href":"https:\/\/listagil.is\/index.php?rest_route=%2Fwp%2Fv2%2Fcomments&post=1410"}],"version-history":[{"count":2,"href":"https:\/\/listagil.is\/index.php?rest_route=\/wp\/v2\/posts\/1410\/revisions"}],"predecessor-version":[{"id":1413,"href":"https:\/\/listagil.is\/index.php?rest_route=\/wp\/v2\/posts\/1410\/revisions\/1413"}],"wp:featuredmedia":[{"embeddable":true,"href":"https:\/\/listagil.is\/index.php?rest_route=\/wp\/v2\/media\/1407"}],"wp:attachment":[{"href":"https:\/\/listagil.is\/index.php?rest_route=%2Fwp%2Fv2%2Fmedia&parent=1410"}],"wp:term":[{"taxonomy":"category","embeddable":true,"href":"https:\/\/listagil.is\/index.php?rest_route=%2Fwp%2Fv2%2Fcategories&post=1410"},{"taxonomy":"post_tag","embeddable":true,"href":"https:\/\/listagil.is\/index.php?rest_route=%2Fwp%2Fv2%2Ftags&post=1410"}],"curies":[{"name":"wp","href":"https:\/\/api.w.org\/{rel}","templated":true}]}}