{"id":1331,"date":"2018-07-09T10:42:01","date_gmt":"2018-07-09T10:42:01","guid":{"rendered":"http:\/\/listagil.is\/?p=1331"},"modified":"2018-07-09T10:42:11","modified_gmt":"2018-07-09T10:42:11","slug":"nes-artist-residency-alumni-exhibition-celebrating-10-years","status":"publish","type":"post","link":"https:\/\/listagil.is\/?p=1331","title":{"rendered":"Nes Artist Residency Alumni Exhibition &#8211; Celebrating 10 years"},"content":{"rendered":"<p><img loading=\"lazy\" decoding=\"async\" class=\"aligncenter size-large wp-image-1326\" src=\"http:\/\/listagil.is\/wp-content\/uploads\/2018\/07\/AkureyriNesAlumniExh-1024x512.jpg\" alt=\"\" width=\"1024\" height=\"512\" srcset=\"https:\/\/listagil.is\/wp-content\/uploads\/2018\/07\/AkureyriNesAlumniExh-1024x512.jpg 1024w, https:\/\/listagil.is\/wp-content\/uploads\/2018\/07\/AkureyriNesAlumniExh-300x150.jpg 300w, https:\/\/listagil.is\/wp-content\/uploads\/2018\/07\/AkureyriNesAlumniExh-768x384.jpg 768w\" sizes=\"auto, (max-width: 1024px) 100vw, 1024px\" \/><\/p>\n<p>Nes Artist Residency Alumni Exhibition &#8211; Celebrating 10 years<\/p>\n<p>Please join us for the celebration of the 10 year anniversary of NES ARTIST RESIDENCY in Deiglan next weekend, 13. &#8211; 15. July hr. 14 &#8211; 17.<\/p>\n<p><span id=\"OBJ_PREFIX_DWT65_com_zimbra_date\" class=\"Object\" role=\"link\">June 2008<\/span>\u00a0saw the first group of artists arrive to NES ARTIST RESIDENCY and over the last 10 years 750 artists from 45 countries have visited this remote northern town of Skagastr\u00f6nd. These artists immerse themselves into the community for a month or more, creating meaningful, multi-layered cultural exchanges with other artists and local residents.\u00a0 During the last 10 years NES has grown from an idea to a flourishing international artist residency.\u00a0\u00a0To celebrate this milestone 77 past artists in residence have donated art work on paper for an Alumni Exhibition.<\/p>\n<p>\/\/\/<\/p>\n<p>Vi\u00f0 bj\u00f3\u00f0um \u00fe\u00e9r a\u00f0 fagna me\u00f0 okkur 10 \u00e1ra afm\u00e6li NES Listami\u00f0st\u00f6\u00f0var um helgina, 13. &#8211; 15. j\u00fal\u00ed kl. 14 &#8211; 17 \u00ed Deiglunni, Listagili.<\/p>\n<p>Fyrsti h\u00f3pur listamanna til a\u00f0 dvelja \u00ed NES Listami\u00f0st\u00f6\u00f0 kom \u00ed j\u00fan\u00ed 2008 og s\u00ed\u00f0an \u00fe\u00e1 hafa\u00a0750 listamenn fr\u00e1 45 l\u00f6ndum dvali\u00f0 \u00e1 Skagastr\u00f6nd. \u00deessir listamenn ver\u00f0a hluti af samf\u00e9laginu \u00ed m\u00e1nu\u00f0 e\u00f0a meira og \u00far ver\u00f0a \u00fe\u00fd\u00f0ingamikil og marglaga menningarsamskipti vi\u00f0 a\u00f0ra listamenn jafnt sem \u00edb\u00faa Skagastrandar. \u00c1 \u00feessum 10 \u00e1rum hefur hefur NES \u00fer\u00f3ast \u00far hugmynd yfir \u00ed frj\u00f3a al\u00fej\u00f3\u00f0lega gestavinnustofur. Til a\u00f0 fagna \u00feessum t\u00edmam\u00f3tum hafa 77 fyrrum gestalistamenn gefi\u00f0 verk \u00e1 papp\u00edr fyrir \u00feessa s\u00fdningu.<\/p>\n<p>&nbsp;<\/p>\n<p><img loading=\"lazy\" decoding=\"async\" class=\"aligncenter size-large wp-image-1328\" src=\"http:\/\/listagil.is\/wp-content\/uploads\/2018\/07\/IMG_3593-1024x524.jpg\" alt=\"\" width=\"1024\" height=\"524\" srcset=\"https:\/\/listagil.is\/wp-content\/uploads\/2018\/07\/IMG_3593-1024x524.jpg 1024w, https:\/\/listagil.is\/wp-content\/uploads\/2018\/07\/IMG_3593-300x154.jpg 300w, https:\/\/listagil.is\/wp-content\/uploads\/2018\/07\/IMG_3593-768x393.jpg 768w\" sizes=\"auto, (max-width: 1024px) 100vw, 1024px\" \/> <img loading=\"lazy\" decoding=\"async\" class=\"aligncenter size-large wp-image-1327\" src=\"http:\/\/listagil.is\/wp-content\/uploads\/2018\/07\/IMG_3590-1024x584.jpg\" alt=\"\" width=\"1024\" height=\"584\" srcset=\"https:\/\/listagil.is\/wp-content\/uploads\/2018\/07\/IMG_3590-1024x584.jpg 1024w, https:\/\/listagil.is\/wp-content\/uploads\/2018\/07\/IMG_3590-300x171.jpg 300w, https:\/\/listagil.is\/wp-content\/uploads\/2018\/07\/IMG_3590-768x438.jpg 768w\" sizes=\"auto, (max-width: 1024px) 100vw, 1024px\" \/><\/p>\n","protected":false},"excerpt":{"rendered":"<p>Nes Artist Residency Alumni Exhibition &#8211; Celebrating 10 years Please join us for the celebration of the 10 year anniversary of NES ARTIST RESIDENCY in Deiglan next weekend, 13. &#8211; 15. July hr. 14 &#8211; 17. June 2008\u00a0saw&#46;&#46;&#46;<\/p>\n","protected":false},"author":3,"featured_media":1326,"comment_status":"closed","ping_status":"closed","sticky":false,"template":"","format":"standard","meta":{"_exactmetrics_skip_tracking":false,"_exactmetrics_sitenote_active":false,"_exactmetrics_sitenote_note":"","_exactmetrics_sitenote_category":0,"footnotes":""},"categories":[78],"tags":[],"class_list":["post-1331","post","type-post","status-publish","format-standard","has-post-thumbnail","hentry","category-events"],"_links":{"self":[{"href":"https:\/\/listagil.is\/index.php?rest_route=\/wp\/v2\/posts\/1331","targetHints":{"allow":["GET"]}}],"collection":[{"href":"https:\/\/listagil.is\/index.php?rest_route=\/wp\/v2\/posts"}],"about":[{"href":"https:\/\/listagil.is\/index.php?rest_route=\/wp\/v2\/types\/post"}],"author":[{"embeddable":true,"href":"https:\/\/listagil.is\/index.php?rest_route=\/wp\/v2\/users\/3"}],"replies":[{"embeddable":true,"href":"https:\/\/listagil.is\/index.php?rest_route=%2Fwp%2Fv2%2Fcomments&post=1331"}],"version-history":[{"count":2,"href":"https:\/\/listagil.is\/index.php?rest_route=\/wp\/v2\/posts\/1331\/revisions"}],"predecessor-version":[{"id":1333,"href":"https:\/\/listagil.is\/index.php?rest_route=\/wp\/v2\/posts\/1331\/revisions\/1333"}],"wp:featuredmedia":[{"embeddable":true,"href":"https:\/\/listagil.is\/index.php?rest_route=\/wp\/v2\/media\/1326"}],"wp:attachment":[{"href":"https:\/\/listagil.is\/index.php?rest_route=%2Fwp%2Fv2%2Fmedia&parent=1331"}],"wp:term":[{"taxonomy":"category","embeddable":true,"href":"https:\/\/listagil.is\/index.php?rest_route=%2Fwp%2Fv2%2Fcategories&post=1331"},{"taxonomy":"post_tag","embeddable":true,"href":"https:\/\/listagil.is\/index.php?rest_route=%2Fwp%2Fv2%2Ftags&post=1331"}],"curies":[{"name":"wp","href":"https:\/\/api.w.org\/{rel}","templated":true}]}}