{"id":1083,"date":"2018-05-28T10:03:57","date_gmt":"2018-05-28T10:03:57","guid":{"rendered":"http:\/\/listagil.is\/?p=1083"},"modified":"2018-05-28T10:04:16","modified_gmt":"2018-05-28T10:04:16","slug":"i-graenni-lautu-myndlistarsyning","status":"publish","type":"post","link":"https:\/\/listagil.is\/?p=1083","title":{"rendered":"\u00cd gr\u00e6nni lautu &#8211; Myndlistars\u00fdning"},"content":{"rendered":"<p>Veri\u00f0 velkomin \u00e1 opnun <em>\u00a0\u00cd gr\u00e6nni lautu, <\/em>myndlistars\u00fdningu An\u00edtu Lindar, laugardaginn 2. j\u00fan\u00ed \u00ed Deiglunni, Listagili kl. 13.<\/p>\n<p>Til s\u00fdnis ver\u00f0a teikningar af \u00edslenskum fuglum og farfuglum sem eiga lei\u00f0 hj\u00e1 unnar me\u00f0 vaxpastel \u00e1 papp\u00edr.<\/p>\n<p>An\u00edta Lind hefur haft d\u00e1l\u00e6ti af sk\u00f6pun fr\u00e1 ungum aldri og s\u00f3tt fj\u00f6lm\u00f6rg myndlistan\u00e1mskei\u00f0 \u00ed gegnum t\u00ed\u00f0ina, \u00fear \u00e1 me\u00f0al vi\u00f0 Myndlistask\u00f3lann \u00e1 Akureyri. H\u00fan hefur stunda\u00f0 n\u00e1m vi\u00f0 myndlistabraut \u00ed Verkmenntask\u00f3la Akureyrar og loki\u00f0 Grunn\u00e1mi \u00ed kennslufr\u00e6\u00f0um vi\u00f0 H\u00e1sk\u00f3la Akureyrar, en s\u00e9rh\u00e6f\u00f0i sig \u00ed myndlistarkennslu \u00ed H\u00e1sk\u00f3la \u00cdslands. Anita hefur \u00e1\u00f0ur teki\u00f0 \u00fe\u00e1tt \u00ed sams\u00fdningu og s\u00fdningu sk\u00f3la \u00ed n\u00e1mi s\u00ednu. \u00deetta er \u00fev\u00ed fyrsta s\u00fdning hennar \u00e1 eigin vegum.<\/p>\n<p>Opnunart\u00edmar:<img loading=\"lazy\" decoding=\"async\" class=\"wp-image-1085 size-medium alignright\" src=\"http:\/\/listagil.is\/wp-content\/uploads\/2018\/05\/20180527_220133-225x300.jpg\" alt=\"\" width=\"225\" height=\"300\" srcset=\"https:\/\/listagil.is\/wp-content\/uploads\/2018\/05\/20180527_220133-225x300.jpg 225w, https:\/\/listagil.is\/wp-content\/uploads\/2018\/05\/20180527_220133-768x1024.jpg 768w\" sizes=\"auto, (max-width: 225px) 100vw, 225px\" \/><\/p>\n<p>Lau 2. J\u00fan\u00ed, 13:00-21:00<br \/>\nSun. 3. J\u00fan\u00ed, 13:00-18:00<br \/>\nLau. 9. J\u00fan\u00ed, 13:00-21:00<br \/>\nSun. 10. J\u00fan\u00ed, 13:00-18:00<\/p>\n<p>N\u00e1nari uppl\u00fdsingar veita<br \/>\nAn\u00edta Lind Bj\u00f6rnd\u00f3ttir S: 861-4096<br \/>\nTorfi Frankl\u00edn S: 857-7770<\/p>\n","protected":false},"excerpt":{"rendered":"<p>Veri\u00f0 velkomin \u00e1 opnun \u00a0\u00cd gr\u00e6nni lautu, myndlistars\u00fdningu An\u00edtu Lindar, laugardaginn 2. j\u00fan\u00ed \u00ed Deiglunni, Listagili kl. 13. Til s\u00fdnis ver\u00f0a teikningar af \u00edslenskum fuglum og farfuglum sem eiga lei\u00f0 hj\u00e1 unnar me\u00f0 vaxpastel \u00e1 papp\u00edr. An\u00edta Lind&#46;&#46;&#46;<\/p>\n","protected":false},"author":3,"featured_media":1084,"comment_status":"closed","ping_status":"closed","sticky":false,"template":"","format":"standard","meta":{"_exactmetrics_skip_tracking":false,"_exactmetrics_sitenote_active":false,"_exactmetrics_sitenote_note":"","_exactmetrics_sitenote_category":0,"footnotes":""},"categories":[4],"tags":[],"class_list":["post-1083","post","type-post","status-publish","format-standard","has-post-thumbnail","hentry","category-frettir"],"_links":{"self":[{"href":"https:\/\/listagil.is\/index.php?rest_route=\/wp\/v2\/posts\/1083","targetHints":{"allow":["GET"]}}],"collection":[{"href":"https:\/\/listagil.is\/index.php?rest_route=\/wp\/v2\/posts"}],"about":[{"href":"https:\/\/listagil.is\/index.php?rest_route=\/wp\/v2\/types\/post"}],"author":[{"embeddable":true,"href":"https:\/\/listagil.is\/index.php?rest_route=\/wp\/v2\/users\/3"}],"replies":[{"embeddable":true,"href":"https:\/\/listagil.is\/index.php?rest_route=%2Fwp%2Fv2%2Fcomments&post=1083"}],"version-history":[{"count":3,"href":"https:\/\/listagil.is\/index.php?rest_route=\/wp\/v2\/posts\/1083\/revisions"}],"predecessor-version":[{"id":1087,"href":"https:\/\/listagil.is\/index.php?rest_route=\/wp\/v2\/posts\/1083\/revisions\/1087"}],"wp:featuredmedia":[{"embeddable":true,"href":"https:\/\/listagil.is\/index.php?rest_route=\/wp\/v2\/media\/1084"}],"wp:attachment":[{"href":"https:\/\/listagil.is\/index.php?rest_route=%2Fwp%2Fv2%2Fmedia&parent=1083"}],"wp:term":[{"taxonomy":"category","embeddable":true,"href":"https:\/\/listagil.is\/index.php?rest_route=%2Fwp%2Fv2%2Fcategories&post=1083"},{"taxonomy":"post_tag","embeddable":true,"href":"https:\/\/listagil.is\/index.php?rest_route=%2Fwp%2Fv2%2Ftags&post=1083"}],"curies":[{"name":"wp","href":"https:\/\/api.w.org\/{rel}","templated":true}]}}