{"id":1048,"date":"2018-05-01T18:52:40","date_gmt":"2018-05-01T18:52:40","guid":{"rendered":"http:\/\/listagil.is\/?p=1048"},"modified":"2018-05-21T18:56:00","modified_gmt":"2018-05-21T18:56:00","slug":"thomas-colbengtson","status":"publish","type":"post","link":"https:\/\/listagil.is\/?p=1048","title":{"rendered":"Thomas Colbengtson"},"content":{"rendered":"<p>Tomas Colbengtsson er Sami fr\u00e1 Bj\u00f6rkvattenet, T\u00e4rnaby \u00ed Nor\u00f0ur-Sv\u00ed\u00fej\u00f3\u00f0, en \u00fea\u00f0 er \u00e1 s\u00f6mu breiddargr\u00e1\u00f0u og Akureyri.\u00a0\u00c1rin 1998 og 2010 var hann gestalistama\u00f0ur vi\u00f0 Konunglega T\u00e6knih\u00e1sk\u00f3lann \u00ed Stokkh\u00f3lmi og n\u00fa um stundir kennir hann vi\u00f0 Konstfack, listah\u00e1sk\u00f3lann \u00ed frj\u00e1lsum listum, handverki og h\u00f6nnun, einnig \u00ed Stokkh\u00f3lmi, en \u00fea\u00f0an lauk hann n\u00e1mi s\u00ednu 1991.<\/p>\n<p>List s\u00edna byggir Tomas Colbengtson \u00e1 minni um samiskan uppruna sinn, upplifun \u00a0fr\u00e1 n\u00e1tt\u00faru\u00a0hinna nor\u00f0ur-s\u00e6nsku fjallaheima. \u00dea\u00f0 hefur sett svip sinn \u00e1 list- og feril hans sem listamanns.\u00a0Hann vinnur myndverk s\u00edn \u00ed Graf\u00edk, m\u00e1lverk og sk\u00falpt\u00far \u00ed j\u00e1rn og gler, sem hann m\u00f3tar og gerir \u00e1 sinni listr\u00e6na h\u00e1tt sem speglar b\u00e6\u00f0i n\u00fat\u00edmann og s\u00f6gulegan- f\u00e9lagslegan veruleika. Listin endurspeglar reynslu af tungum\u00e1la- og tr\u00fabrag\u00f0aafneitun, sem og ranns\u00f3knum sem bera me\u00f0 s\u00e9r \u00a0kyn\u00fe\u00e1ttaford\u00f3ma og l\u00edtisvir\u00f0ingu fyrir samiskum s\u00f6ng, Joiki. \u00deau atri\u00f0i, \u00e1samt \u00f6\u00f0rum a\u00f0fer\u00f0um sem r\u00edkisvald beitir til a\u00f0 hafa vald yfir f\u00f3lki og landi frumbyggja.<\/p>\n<p>Colbengtson \u00a0hefur langa reynslu af listr\u00e6nni starfsemi, hann hefur auk s\u00fdninga \u00ed Noregi og Sv\u00ed\u00fej\u00f3\u00f0, \u00feessu \u00e1ri einnig s\u00fdnt \u00e1 Gr\u00e6nlandi og F\u00e6reyjum. \u00c1\u00f0ur hefur hann s\u00fdnt b\u00e6\u00f0i \u00ed Bandar\u00edkjunum, Japan, \u00de\u00fdskalandi, Brasil\u00edu, \u00a0Frakklandi, R\u00fasslandi. \u00deetta er \u00ed fyrsta sinn sem Colbengtson s\u00fdnir \u00e1 \u00cdslandi<\/p>\n<p>Tomas Colbengtson mun dvelja \u00ed gestavinnustofu Gilf\u00e9lagsins \u00ed ma\u00ed m\u00e1nu\u00f0i, en hann hlaut ver\u00f0laun, dv\u00f6l \u00ed gestavinnustofu Gilf\u00e9lagsins og s\u00fdningu \u00ed Deiglunnu \u00e1 GraN, graf\u00edks\u00fdningu \u00ed Listasafninu \u00e1 Akureyri 2015. \u00deetta var framlag Gilf\u00e9lagsins til GraN, Graf\u00edk Nordica verkefnisins.<\/p>\n<div id=\"attachment_1031\" style=\"width: 1034px\" class=\"wp-caption aligncenter\"><img loading=\"lazy\" decoding=\"async\" aria-describedby=\"caption-attachment-1031\" class=\"size-large wp-image-1031\" src=\"http:\/\/listagil.is\/wp-content\/uploads\/2018\/04\/TomasColbengtson_Portrait_Photo_NilsAgdler-1024x768.jpg\" alt=\"\" width=\"1024\" height=\"768\" srcset=\"https:\/\/listagil.is\/wp-content\/uploads\/2018\/04\/TomasColbengtson_Portrait_Photo_NilsAgdler-1024x768.jpg 1024w, https:\/\/listagil.is\/wp-content\/uploads\/2018\/04\/TomasColbengtson_Portrait_Photo_NilsAgdler-300x225.jpg 300w, https:\/\/listagil.is\/wp-content\/uploads\/2018\/04\/TomasColbengtson_Portrait_Photo_NilsAgdler-768x576.jpg 768w\" sizes=\"auto, (max-width: 1024px) 100vw, 1024px\" \/><p id=\"caption-attachment-1031\" class=\"wp-caption-text\">Portrait of Tomas Colbengtson in 2017 captured by Nils Agdler<\/p><\/div>\n","protected":false},"excerpt":{"rendered":"<p>Tomas Colbengtsson er Sami fr\u00e1 Bj\u00f6rkvattenet, T\u00e4rnaby \u00ed Nor\u00f0ur-Sv\u00ed\u00fej\u00f3\u00f0, en \u00fea\u00f0 er \u00e1 s\u00f6mu breiddargr\u00e1\u00f0u og Akureyri.\u00a0\u00c1rin 1998 og 2010 var hann gestalistama\u00f0ur vi\u00f0 Konunglega T\u00e6knih\u00e1sk\u00f3lann \u00ed Stokkh\u00f3lmi og n\u00fa um stundir kennir hann vi\u00f0 Konstfack, listah\u00e1sk\u00f3lann \u00ed&#46;&#46;&#46;<\/p>\n","protected":false},"author":3,"featured_media":1031,"comment_status":"closed","ping_status":"closed","sticky":false,"template":"","format":"standard","meta":{"_exactmetrics_skip_tracking":false,"_exactmetrics_sitenote_active":false,"_exactmetrics_sitenote_note":"","_exactmetrics_sitenote_category":0,"footnotes":""},"categories":[73],"tags":[],"class_list":["post-1048","post","type-post","status-publish","format-standard","has-post-thumbnail","hentry","category-gestalistamenn"],"_links":{"self":[{"href":"https:\/\/listagil.is\/index.php?rest_route=\/wp\/v2\/posts\/1048","targetHints":{"allow":["GET"]}}],"collection":[{"href":"https:\/\/listagil.is\/index.php?rest_route=\/wp\/v2\/posts"}],"about":[{"href":"https:\/\/listagil.is\/index.php?rest_route=\/wp\/v2\/types\/post"}],"author":[{"embeddable":true,"href":"https:\/\/listagil.is\/index.php?rest_route=\/wp\/v2\/users\/3"}],"replies":[{"embeddable":true,"href":"https:\/\/listagil.is\/index.php?rest_route=%2Fwp%2Fv2%2Fcomments&post=1048"}],"version-history":[{"count":1,"href":"https:\/\/listagil.is\/index.php?rest_route=\/wp\/v2\/posts\/1048\/revisions"}],"predecessor-version":[{"id":1049,"href":"https:\/\/listagil.is\/index.php?rest_route=\/wp\/v2\/posts\/1048\/revisions\/1049"}],"wp:featuredmedia":[{"embeddable":true,"href":"https:\/\/listagil.is\/index.php?rest_route=\/wp\/v2\/media\/1031"}],"wp:attachment":[{"href":"https:\/\/listagil.is\/index.php?rest_route=%2Fwp%2Fv2%2Fmedia&parent=1048"}],"wp:term":[{"taxonomy":"category","embeddable":true,"href":"https:\/\/listagil.is\/index.php?rest_route=%2Fwp%2Fv2%2Fcategories&post=1048"},{"taxonomy":"post_tag","embeddable":true,"href":"https:\/\/listagil.is\/index.php?rest_route=%2Fwp%2Fv2%2Ftags&post=1048"}],"curies":[{"name":"wp","href":"https:\/\/api.w.org\/{rel}","templated":true}]}}